{"id":1967,"date":"2025-11-04T14:09:12","date_gmt":"2025-11-04T13:09:12","guid":{"rendered":"https:\/\/droitemoderniste.be\/?p=1967"},"modified":"2025-11-04T14:09:12","modified_gmt":"2025-11-04T13:09:12","slug":"mdm-lun-des-partis-les-plus-originaux-de-belgique","status":"publish","type":"post","link":"https:\/\/droitemoderniste.be\/index.php\/2025\/11\/04\/mdm-lun-des-partis-les-plus-originaux-de-belgique\/","title":{"rendered":"MDM, l&rsquo;un des partis les plus originaux de Belgique"},"content":{"rendered":"\n<figure class=\"wp-block-image size-full\"><img loading=\"lazy\" decoding=\"async\" width=\"599\" height=\"399\" src=\"https:\/\/droitemoderniste.be\/wp-content\/uploads\/2025\/11\/ecureuil-sur-oiseau.jpg\" alt=\"\" class=\"wp-image-1968\" srcset=\"https:\/\/droitemoderniste.be\/wp-content\/uploads\/2025\/11\/ecureuil-sur-oiseau.jpg 599w, https:\/\/droitemoderniste.be\/wp-content\/uploads\/2025\/11\/ecureuil-sur-oiseau-300x200.jpg 300w\" sizes=\"auto, (max-width: 599px) 100vw, 599px\" \/><\/figure>\n\n\n\n<p class=\"wp-block-paragraph\">Sur l\u2019\u00e9chiquier politique belge actuel, le<strong> <mark style=\"background-color:rgba(0, 0, 0, 0);color:#ff6900\" class=\"has-inline-color\">Mouvement Droite Moderniste (MDM)<\/mark><\/strong> peut \u00eatre consid\u00e9r\u00e9 comme <strong>l\u2019un des partis les plus originaux<\/strong>, et ce pour plusieurs raisons :<\/p>\n\n\n\n<hr class=\"wp-block-separator has-alpha-channel-opacity\"\/>\n\n\n\n<h6 class=\"wp-block-heading\">1. <strong>Positionnement unique : droite moderniste<\/strong><\/h6>\n\n\n\n<ul class=\"wp-block-list\">\n<li>Contrairement aux droites traditionnelles (comme le MR, la N-VA ou Les Engag\u00e9s), le <mark style=\"background-color:rgba(0, 0, 0, 0);color:#ff6900\" class=\"has-inline-color\">MDM<\/mark> n\u2019est <strong>ni conservateur au sens classique<\/strong>, ni lib\u00e9ral au sens pur.<\/li>\n\n\n\n<li>Il combine <strong>patriotisme civique<\/strong>, <strong>modernisme soci\u00e9tal<\/strong>, <strong>spiritualisme la\u00efc<\/strong> et <strong>\u00e9cologie technologique<\/strong> \u2014 une combinaison rare en Belgique, voire in\u00e9dite.<\/li>\n<\/ul>\n\n\n\n<hr class=\"wp-block-separator has-alpha-channel-opacity\"\/>\n\n\n\n<h6 class=\"wp-block-heading\">2. <strong>Synth\u00e8se d\u2019\u00e9l\u00e9ments rarement r\u00e9unis<\/strong><\/h6>\n\n\n\n<p class=\"wp-block-paragraph\">Le <mark style=\"background-color:rgba(0, 0, 0, 0);color:#ff6900\" class=\"has-inline-color\">MDM<\/mark> r\u00e9ussit \u00e0 articuler des dimensions souvent oppos\u00e9es :<\/p>\n\n\n\n<ul class=\"wp-block-list\">\n<li><strong>D\u00e9simmigrationnisme rationnel<\/strong> + <strong>animalisme<\/strong><\/li>\n\n\n\n<li><strong>Protectionnisme raisonn\u00e9<\/strong> + <strong>europ\u00e9isme d\u00e9mocratique<\/strong><\/li>\n\n\n\n<li><strong>Sybaritisme \u00e9thique<\/strong> (d\u00e9fense d\u2019un art de vivre) + <strong>justicialisme social<\/strong><\/li>\n\n\n\n<li><strong>Personnalisme \u00e9clair\u00e9<\/strong> + <strong>dirigisme mod\u00e9r\u00e9<\/strong><br>Cela cr\u00e9e un <strong>corpus id\u00e9ologique coh\u00e9rent mais innovant<\/strong>, qui ne rentre dans aucune case pr\u00e9existante.<\/li>\n<\/ul>\n\n\n\n<hr class=\"wp-block-separator has-alpha-channel-opacity\"\/>\n\n\n\n<h6 class=\"wp-block-heading\">3. <strong>Un projet intellectuellement construit<\/strong><\/h6>\n\n\n\n<p class=\"wp-block-paragraph\">L\u00e0 o\u00f9 d\u2019autres partis reposent sur des traditions ou des r\u00e9actions \u00e9lectoralistes, le <mark style=\"background-color:rgba(0, 0, 0, 0);color:#ff6900\" class=\"has-inline-color\">MDM<\/mark> d\u00e9veloppe :<\/p>\n\n\n\n<ul class=\"wp-block-list\">\n<li><strong>une doctrine articul\u00e9e<\/strong>, avec charte, manifeste, programme et concepts in\u00e9dits,<\/li>\n\n\n\n<li><strong>une vision de long terme<\/strong> (comme \u00ab Vision Mobilit\u00e9 2040 \u00bb),<\/li>\n\n\n\n<li>une r\u00e9flexion sur <strong>les fondements philosophiques de la soci\u00e9t\u00e9<\/strong>.<\/li>\n<\/ul>\n\n\n\n<hr class=\"wp-block-separator has-alpha-channel-opacity\"\/>\n\n\n\n<h6 class=\"wp-block-heading\">4. <strong>Un ton d\u00e9lib\u00e9r\u00e9ment non-conformiste mais responsable<\/strong><\/h6>\n\n\n\n<p class=\"wp-block-paragraph\">Le <mark style=\"background-color:rgba(0, 0, 0, 0);color:#ff6900\" class=\"has-inline-color\">MDM<\/mark> n\u2019emploie <strong>ni populisme grossier<\/strong>, ni <strong>langage technocratique creux<\/strong> :<\/p>\n\n\n\n<ul class=\"wp-block-list\">\n<li>Il propose une <strong>critique ferme du syst\u00e8me<\/strong> actuel,<\/li>\n\n\n\n<li>tout en conservant un <strong>ton rationnel, \u00e9thique, exigeant<\/strong>,<\/li>\n\n\n\n<li>avec une <strong>volont\u00e9 de r\u00e9concilier la droite avec l\u2019intelligence politique et la culture<\/strong>.<\/li>\n<\/ul>\n\n\n\n<hr class=\"wp-block-separator has-alpha-channel-opacity\"\/>\n\n\n\n<h6 class=\"wp-block-heading\">Conclusion : originalit\u00e9 r\u00e9elle<\/h6>\n\n\n\n<ul class=\"wp-block-list\">\n<li>Sur le plan doctrinal et id\u00e9ologique : <strong>oui, le <mark style=\"background-color:rgba(0, 0, 0, 0);color:#ff6900\" class=\"has-inline-color\">MDM<\/mark> est probablement le parti le plus original actuellement en Belgique<\/strong>.<\/li>\n<\/ul>\n\n\n\n<p class=\"wp-block-paragraph\"><\/p>\n","protected":false},"excerpt":{"rendered":"<p>Sur l\u2019\u00e9chiquier politique belge actuel, le Mouvement Droite Moderniste (MDM) peut \u00eatre consid\u00e9r\u00e9 comme l\u2019un des partis les plus originaux, et ce pour plusieurs raisons : 1. Positionnement unique : droite moderniste 2. Synth\u00e8se d\u2019\u00e9l\u00e9ments rarement r\u00e9unis Le MDM r\u00e9ussit \u00e0 articuler des dimensions souvent oppos\u00e9es : 3. Un projet intellectuellement construit L\u00e0 o\u00f9 d\u2019autres [&hellip;]<\/p>\n","protected":false},"author":1,"featured_media":0,"comment_status":"open","ping_status":"open","sticky":false,"template":"","format":"standard","meta":{"_monsterinsights_skip_tracking":false,"_uf_show_specific_survey":0,"_uf_disable_surveys":false,"footnotes":""},"categories":[22,34],"tags":[],"class_list":["post-1967","post","type-post","status-publish","format-standard","hentry","category-democratie","category-mouvement-droite-moderniste"],"_links":{"self":[{"href":"https:\/\/droitemoderniste.be\/index.php\/wp-json\/wp\/v2\/posts\/1967","targetHints":{"allow":["GET"]}}],"collection":[{"href":"https:\/\/droitemoderniste.be\/index.php\/wp-json\/wp\/v2\/posts"}],"about":[{"href":"https:\/\/droitemoderniste.be\/index.php\/wp-json\/wp\/v2\/types\/post"}],"author":[{"embeddable":true,"href":"https:\/\/droitemoderniste.be\/index.php\/wp-json\/wp\/v2\/users\/1"}],"replies":[{"embeddable":true,"href":"https:\/\/droitemoderniste.be\/index.php\/wp-json\/wp\/v2\/comments?post=1967"}],"version-history":[{"count":1,"href":"https:\/\/droitemoderniste.be\/index.php\/wp-json\/wp\/v2\/posts\/1967\/revisions"}],"predecessor-version":[{"id":1969,"href":"https:\/\/droitemoderniste.be\/index.php\/wp-json\/wp\/v2\/posts\/1967\/revisions\/1969"}],"wp:attachment":[{"href":"https:\/\/droitemoderniste.be\/index.php\/wp-json\/wp\/v2\/media?parent=1967"}],"wp:term":[{"taxonomy":"category","embeddable":true,"href":"https:\/\/droitemoderniste.be\/index.php\/wp-json\/wp\/v2\/categories?post=1967"},{"taxonomy":"post_tag","embeddable":true,"href":"https:\/\/droitemoderniste.be\/index.php\/wp-json\/wp\/v2\/tags?post=1967"}],"curies":[{"name":"wp","href":"https:\/\/api.w.org\/{rel}","templated":true}]}}