{"id":1964,"date":"2025-11-04T09:53:37","date_gmt":"2025-11-04T08:53:37","guid":{"rendered":"https:\/\/droitemoderniste.be\/?p=1964"},"modified":"2025-11-04T09:54:45","modified_gmt":"2025-11-04T08:54:45","slug":"une-securite-sociale-meritocratique","status":"publish","type":"post","link":"https:\/\/droitemoderniste.be\/index.php\/2025\/11\/04\/une-securite-sociale-meritocratique\/","title":{"rendered":"Une s\u00e9curit\u00e9 sociale m\u00e9ritocratique"},"content":{"rendered":"\n<figure class=\"wp-block-image size-full\"><img loading=\"lazy\" decoding=\"async\" width=\"300\" height=\"168\" src=\"https:\/\/droitemoderniste.be\/wp-content\/uploads\/2025\/11\/emploi.jpg\" alt=\"\" class=\"wp-image-1965\"\/><\/figure>\n\n\n\n<ul class=\"wp-block-list\">\n<li>En Belgique, pr\u00e8s de <strong>40 %<\/strong> des d\u00e9penses publiques sont consacr\u00e9es \u00e0 la protection sociale. Cela n&rsquo;est pas une petite ligne budg\u00e9taire. Cela impose que chaque euro engag\u00e9 soit prot\u00e9g\u00e9 de l\u2019abus, de l\u2019\u00e9chec, de l\u2019impr\u00e9paration. <\/li>\n\n\n\n<li>Les cotisations sociales p\u00e8sent <strong>48 %<\/strong> sur le travail : c\u2019est dire combien ceux qui travaillent font d\u00e9j\u00e0 beaucoup. En retour, ils ont droit \u00e0 un syst\u00e8me fiable et juste. <\/li>\n\n\n\n<li>Aujourd\u2019hui, seulement ~73 % des 20-64 ans sont en emploi : notre priorit\u00e9 est double : prot\u00e9ger ceux qui sont en emploi et faire revenir ceux qui n\u2019y sont pas. <\/li>\n\n\n\n<li>Oui, le syst\u00e8me co\u00fbte cher \u2014 mais c\u2019est pr\u00e9cis\u00e9ment pourquoi nous exigeons l\u2019effort, la responsabilit\u00e9 et nous interdisons l\u2019abus.<\/li>\n\n\n\n<li>Demain, la pression sur les syst\u00e8mes sociaux augmentera : nous devons b\u00e2tir un mod\u00e8le non pas affaibli, mais modernis\u00e9, responsable, durable. <\/li>\n\n\n\n<li>Notre vision : une s\u00e9curit\u00e9 sociale forte pour ceux qui travaillent, un soutien clair pour ceux qui en ont besoin, et <strong>z\u00e9ro tol\u00e9rance pour l\u2019abus<\/strong>. <\/li>\n<\/ul>\n\n\n\n<hr class=\"wp-block-separator has-alpha-channel-opacity\"\/>\n\n\n\n<hr class=\"wp-block-separator has-alpha-channel-opacity\"\/>\n\n\n\n<h6 class=\"wp-block-heading\">Tableau \u2014 Fondements du pilier \u00ab S\u00e9curit\u00e9 sociale m\u00e9ritocratique \u00bb<\/h6>\n\n\n\n<figure class=\"wp-block-table\"><table class=\"has-fixed-layout\"><thead><tr><td><strong>Indicateur<\/strong><strong><\/strong><\/td><td><strong>Dernier chiffre connu<\/strong><strong><\/strong><\/td><td><strong>Source<\/strong><strong><\/strong><\/td><td><strong>Interpr\u00e9tation pour le <mark style=\"background-color:rgba(0, 0, 0, 0);color:#ff6900\" class=\"has-inline-color\">MDM<\/mark><\/strong><\/td><\/tr><\/thead><tbody><tr><td>D\u00e9penses publiques d\u00e9di\u00e9es \u00e0 la protection sociale<\/td><td><strong>\u2248 38 %<\/strong> du total des d\u00e9penses publiques<\/td><td>Bruxelles Times \/ donn\u00e9es publiques<\/td><td>Notre mod\u00e8le social est massif : il doit \u00eatre prot\u00e9g\u00e9, modernis\u00e9 et d\u00e9pens\u00e9 avec exigence.<\/td><\/tr><tr><td>Financement de la protection sociale<\/td><td><strong>112,5 Mds \u20ac<\/strong> (fonction protection sociale)<\/td><td>Comptes nationaux \/ CEIC<\/td><td>Notre priorit\u00e9 : garantir le financement pour les g\u00e9n\u00e9rations futures.<\/td><\/tr><tr><td>Taux de cotisations sociales (charges)<\/td><td><strong>~48 %<\/strong><\/td><td>TradingEconomics \/ OCDE<\/td><td>Ceux qui travaillent contribuent d\u00e9j\u00e0 \u00e9norm\u00e9ment \u2014 ils doivent \u00eatre prot\u00e9g\u00e9s en priorit\u00e9.<\/td><\/tr><tr><td>Ratio imp\u00f4ts \/ PIB<\/td><td><strong>42,6 %<\/strong><\/td><td>OCDE<\/td><td>La Belgique est un pays fortement contributif : efficacit\u00e9 et justice sociale sont indispensables.<\/td><\/tr><tr><td>Taux d\u2019emploi (20-64 ans)<\/td><td><strong>~73 %<\/strong><\/td><td>Statbel<\/td><td>Nous devons augmenter l\u2019emploi pour s\u00e9curiser notre mod\u00e8le social.<\/td><\/tr><tr><td>Taux de ch\u00f4mage<\/td><td><strong>~5,9 %<\/strong><\/td><td>Statbel<\/td><td>Objectif <mark style=\"background-color:rgba(0, 0, 0, 0);color:#ff6900\" class=\"has-inline-color\">MDM<\/mark> : insertion active, formation, dignit\u00e9 du travail, pas assistanat.<\/td><\/tr><tr><td>Tendance future des d\u00e9penses sociales<\/td><td>Hausse de <strong>25,8 % \u2192 27,5 % du PIB<\/strong> d\u2019ici 2070<\/td><td>Bureau du Plan<\/td><td>Face au vieillissement, la r\u00e9forme responsable et m\u00e9ritocratique est indispensable.<\/td><\/tr><tr><td>Lutte contre la fraude sociale &amp; patronale<\/td><td>Plusieurs milliards d\u2019euros estim\u00e9s<\/td><td>Cour des comptes &amp; \u00e9valuations publiques<\/td><td>Objectif <mark style=\"background-color:rgba(0, 0, 0, 0);color:#ff6900\" class=\"has-inline-color\">MDM<\/mark> : <strong>\u00ab z\u00e9ro abus \u00bb<\/strong> pour renforcer la confiance et l\u2019\u00e9quit\u00e9.<\/td><\/tr><\/tbody><\/table><\/figure>\n\n\n\n<p class=\"wp-block-paragraph\">La s\u00e9curit\u00e9 sociale est un pilier national :<br><strong>massive, pr\u00e9cieuse, et non n\u00e9gociable.<\/strong><\/p>\n\n\n\n<p class=\"wp-block-paragraph\">Mais pour durer, elle doit \u00eatre <strong>juste, exigeante, durable<\/strong>.<\/p>\n\n\n\n<p class=\"wp-block-paragraph\">Le <mark style=\"background-color:rgba(0, 0, 0, 0);color:#ff6900\" class=\"has-inline-color\">MDM<\/mark> prot\u00e8ge les travailleurs, les familles et les personnes fragilis\u00e9es \u2014 et assure que chaque euro de solidarit\u00e9 serve r\u00e9ellement \u00e0 la solidarit\u00e9.<\/p>\n\n\n\n<p class=\"wp-block-paragraph\"><\/p>\n","protected":false},"excerpt":{"rendered":"<p>Tableau \u2014 Fondements du pilier \u00ab S\u00e9curit\u00e9 sociale m\u00e9ritocratique \u00bb Indicateur Dernier chiffre connu Source Interpr\u00e9tation pour le MDM D\u00e9penses publiques d\u00e9di\u00e9es \u00e0 la protection sociale \u2248 38 % du total des d\u00e9penses publiques Bruxelles Times \/ donn\u00e9es publiques Notre mod\u00e8le social est massif : il doit \u00eatre prot\u00e9g\u00e9, modernis\u00e9 et d\u00e9pens\u00e9 avec exigence. Financement [&hellip;]<\/p>\n","protected":false},"author":1,"featured_media":0,"comment_status":"open","ping_status":"open","sticky":false,"template":"","format":"standard","meta":{"_monsterinsights_skip_tracking":false,"_uf_show_specific_survey":0,"_uf_disable_surveys":false,"footnotes":""},"categories":[18,34,10],"tags":[],"class_list":["post-1964","post","type-post","status-publish","format-standard","hentry","category-droite","category-mouvement-droite-moderniste","category-securite-sociale"],"_links":{"self":[{"href":"https:\/\/droitemoderniste.be\/index.php\/wp-json\/wp\/v2\/posts\/1964","targetHints":{"allow":["GET"]}}],"collection":[{"href":"https:\/\/droitemoderniste.be\/index.php\/wp-json\/wp\/v2\/posts"}],"about":[{"href":"https:\/\/droitemoderniste.be\/index.php\/wp-json\/wp\/v2\/types\/post"}],"author":[{"embeddable":true,"href":"https:\/\/droitemoderniste.be\/index.php\/wp-json\/wp\/v2\/users\/1"}],"replies":[{"embeddable":true,"href":"https:\/\/droitemoderniste.be\/index.php\/wp-json\/wp\/v2\/comments?post=1964"}],"version-history":[{"count":1,"href":"https:\/\/droitemoderniste.be\/index.php\/wp-json\/wp\/v2\/posts\/1964\/revisions"}],"predecessor-version":[{"id":1966,"href":"https:\/\/droitemoderniste.be\/index.php\/wp-json\/wp\/v2\/posts\/1964\/revisions\/1966"}],"wp:attachment":[{"href":"https:\/\/droitemoderniste.be\/index.php\/wp-json\/wp\/v2\/media?parent=1964"}],"wp:term":[{"taxonomy":"category","embeddable":true,"href":"https:\/\/droitemoderniste.be\/index.php\/wp-json\/wp\/v2\/categories?post=1964"},{"taxonomy":"post_tag","embeddable":true,"href":"https:\/\/droitemoderniste.be\/index.php\/wp-json\/wp\/v2\/tags?post=1964"}],"curies":[{"name":"wp","href":"https:\/\/api.w.org\/{rel}","templated":true}]}}