{"id":1961,"date":"2025-11-03T15:02:19","date_gmt":"2025-11-03T14:02:19","guid":{"rendered":"https:\/\/droitemoderniste.be\/?p=1961"},"modified":"2025-11-03T15:02:19","modified_gmt":"2025-11-03T14:02:19","slug":"notre-securite-sociale-est-un-pilier-de-notre-pays","status":"publish","type":"post","link":"https:\/\/droitemoderniste.be\/index.php\/2025\/11\/03\/notre-securite-sociale-est-un-pilier-de-notre-pays\/","title":{"rendered":"Notre s\u00e9curit\u00e9 sociale est un pilier de notre pays"},"content":{"rendered":"\n<figure class=\"wp-block-image size-full\"><img loading=\"lazy\" decoding=\"async\" width=\"275\" height=\"183\" src=\"https:\/\/droitemoderniste.be\/wp-content\/uploads\/2025\/11\/Etat-provid5.jpg\" alt=\"\" class=\"wp-image-1962\"\/><\/figure>\n\n\n\n<p class=\"wp-block-paragraph\">La s\u00e9curit\u00e9 sociale, c\u2019est la Belgique.<br>C\u2019est notre force, notre fiert\u00e9, notre filet de s\u00e9curit\u00e9.<\/p>\n\n\n\n<p class=\"wp-block-paragraph\">Et au <mark style=\"background-color:rgba(0, 0, 0, 0);color:#ff6900\" class=\"has-inline-color\">MDM<\/mark>, on est clairs :<br><strong>on la prot\u00e8ge, on la modernise, on la rend juste.<\/strong><\/p>\n\n\n\n<p class=\"wp-block-paragraph\">Solidarit\u00e9, oui.<br>Abus, non.<br>Travail qui paie, toujours.<\/p>\n\n\n\n<p class=\"wp-block-paragraph\">On veut une s\u00e9curit\u00e9 sociale qui soutient ceux qui font vivre ce pays :<br>\ud83d\udd39 les travailleurs<br>\ud83d\udd39 les familles<br>\ud83d\udd39 les personnes fragilis\u00e9es<\/p>\n\n\n\n<p class=\"wp-block-paragraph\">Pas un syst\u00e8me qui d\u00e9courage l\u2019effort,<br>pas un syst\u00e8me qui finance la fraude,<br>pas un syst\u00e8me qui laisse tomber ceux qui se l\u00e8vent t\u00f4t.<\/p>\n\n\n\n<p class=\"wp-block-paragraph\"><strong>Des droits, et des devoirs.<br>Du soutien, et de la responsabilit\u00e9.<\/strong><\/p>\n\n\n\n<p class=\"wp-block-paragraph\">Prot\u00e9ger. Valoriser le travail. Pr\u00e9parer l\u2019avenir.<\/p>\n\n\n\n<p class=\"wp-block-paragraph\">C\u2019est \u00e7a, une Belgique moderne et juste.<\/p>\n\n\n\n<p class=\"wp-block-paragraph\"><strong><mark style=\"background-color:rgba(0, 0, 0, 0);color:#ff6900\" class=\"has-inline-color\">MDM \u2014 Racines fortes, regard neuf.<\/mark><\/strong><\/p>\n","protected":false},"excerpt":{"rendered":"<p>La s\u00e9curit\u00e9 sociale, c\u2019est la Belgique.C\u2019est notre force, notre fiert\u00e9, notre filet de s\u00e9curit\u00e9. Et au MDM, on est clairs :on la prot\u00e8ge, on la modernise, on la rend juste. Solidarit\u00e9, oui.Abus, non.Travail qui paie, toujours. On veut une s\u00e9curit\u00e9 sociale qui soutient ceux qui font vivre ce pays :\ud83d\udd39 les travailleurs\ud83d\udd39 les familles\ud83d\udd39 les [&hellip;]<\/p>\n","protected":false},"author":1,"featured_media":0,"comment_status":"open","ping_status":"open","sticky":false,"template":"","format":"standard","meta":{"_monsterinsights_skip_tracking":false,"_uf_show_specific_survey":0,"_uf_disable_surveys":false,"footnotes":""},"categories":[34,10],"tags":[],"class_list":["post-1961","post","type-post","status-publish","format-standard","hentry","category-mouvement-droite-moderniste","category-securite-sociale"],"_links":{"self":[{"href":"https:\/\/droitemoderniste.be\/index.php\/wp-json\/wp\/v2\/posts\/1961","targetHints":{"allow":["GET"]}}],"collection":[{"href":"https:\/\/droitemoderniste.be\/index.php\/wp-json\/wp\/v2\/posts"}],"about":[{"href":"https:\/\/droitemoderniste.be\/index.php\/wp-json\/wp\/v2\/types\/post"}],"author":[{"embeddable":true,"href":"https:\/\/droitemoderniste.be\/index.php\/wp-json\/wp\/v2\/users\/1"}],"replies":[{"embeddable":true,"href":"https:\/\/droitemoderniste.be\/index.php\/wp-json\/wp\/v2\/comments?post=1961"}],"version-history":[{"count":1,"href":"https:\/\/droitemoderniste.be\/index.php\/wp-json\/wp\/v2\/posts\/1961\/revisions"}],"predecessor-version":[{"id":1963,"href":"https:\/\/droitemoderniste.be\/index.php\/wp-json\/wp\/v2\/posts\/1961\/revisions\/1963"}],"wp:attachment":[{"href":"https:\/\/droitemoderniste.be\/index.php\/wp-json\/wp\/v2\/media?parent=1961"}],"wp:term":[{"taxonomy":"category","embeddable":true,"href":"https:\/\/droitemoderniste.be\/index.php\/wp-json\/wp\/v2\/categories?post=1961"},{"taxonomy":"post_tag","embeddable":true,"href":"https:\/\/droitemoderniste.be\/index.php\/wp-json\/wp\/v2\/tags?post=1961"}],"curies":[{"name":"wp","href":"https:\/\/api.w.org\/{rel}","templated":true}]}}