{"id":1958,"date":"2025-11-02T14:53:35","date_gmt":"2025-11-02T13:53:35","guid":{"rendered":"https:\/\/droitemoderniste.be\/?p=1958"},"modified":"2025-11-02T14:53:35","modified_gmt":"2025-11-02T13:53:35","slug":"mesures-sociales-innovantes","status":"publish","type":"post","link":"https:\/\/droitemoderniste.be\/index.php\/2025\/11\/02\/mesures-sociales-innovantes\/","title":{"rendered":"Mesures sociales innovantes"},"content":{"rendered":"\n<figure class=\"wp-block-image size-full\"><img loading=\"lazy\" decoding=\"async\" width=\"299\" height=\"168\" src=\"https:\/\/droitemoderniste.be\/wp-content\/uploads\/2025\/11\/classes-populaires-1.jpg\" alt=\"\" class=\"wp-image-1959\"\/><\/figure>\n\n\n\n<p class=\"wp-block-paragraph\">Pour s\u00e9duire les classes populaires de Belgique, le programme social du <mark style=\"background-color:rgba(0, 0, 0, 0);color:#ff6900\" class=\"has-inline-color\">MDM<\/mark> contient des mesures innovantes et concr\u00e8tes ax\u00e9es sur la <strong>lutte contre la pr\u00e9carit\u00e9<\/strong>, <strong>l&rsquo;am\u00e9lioration de l&rsquo;acc\u00e8s aux services sociaux<\/strong>, et la <strong>promotion d&rsquo;une participation active \u00e0 la vie \u00e9conomique et sociale<\/strong>.<\/p>\n\n\n\n<p class=\"wp-block-paragraph\"><strong>Mesures innovantes pour les classes populaires<\/strong><\/p>\n\n\n\n<ul class=\"wp-block-list\">\n<li><strong>Accompagnement global et personnalis\u00e9 vers l&rsquo;autonomie<\/strong> : Inspir\u00e9 par des programmes comme le \u00ab\u00a0Programme Miriam\u00a0\u00bb qui soutient les m\u00e8res c\u00e9libataires pr\u00e9caris\u00e9es avec un accompagnement social, emploi, logement, sant\u00e9 et lien social. Cela pourrait s&rsquo;\u00e9tendre \u00e0 d&rsquo;autres groupes vuln\u00e9rables, offrant un suivi durable avec un \u00ab\u00a0<em>case manager<\/em>\u00a0\u00bb (r\u00e9f\u00e9rent) d\u00e9di\u00e9.<\/li>\n\n\n\n<li><strong>Renforcement des services sociaux de proximit\u00e9 et \u00e9conomies sociales<\/strong> : Soutien accru aux ASBL, coop\u00e9ratives et mutuelles qui cr\u00e9ent des solutions locales innovantes, en favorisant l\u2019insertion sociale et professionnelle via des mod\u00e8les d\u2019\u00e9conomie sociale participative.<\/li>\n\n\n\n<li><strong>Insertion professionnelle et soutien cibl\u00e9 aux jeunes peu qualifi\u00e9s<\/strong> : R\u00e9duction des cotisations sociales pour les employeurs qui engagent des jeunes de milieux populaires peu dipl\u00f4m\u00e9s, avec un contrat subventionn\u00e9 sur 12 mois pour leur premi\u00e8re exp\u00e9rience professionnelle.<\/li>\n\n\n\n<li><strong>Am\u00e9lioration des conditions de travail et acc\u00e8s aux services psycho-m\u00e9dico-sociaux<\/strong> : Investissements dans le secteur non marchand avec un meilleur financement, valorisation des m\u00e9tiers, et r\u00e9duction des charges administratives pour am\u00e9liorer qualit\u00e9 et accessibilit\u00e9 des services, notamment en sant\u00e9 mentale et aide sociale.<\/li>\n\n\n\n<li><strong>Mobilisation citoyenne et engagement communautaire<\/strong> : D\u00e9velopper des initiatives de \u00ab\u00a0<em>community organizing<\/em>\u00a0\u00bb pour renforcer l\u2019action collective dans les quartiers populaires, ce qui aide \u00e0 recr\u00e9er confiance et victoires locales en militant par le terrain.<\/li>\n<\/ul>\n\n\n\n<p class=\"wp-block-paragraph\"><strong>Pourquoi ces mesures ?<\/strong><\/p>\n\n\n\n<p class=\"wp-block-paragraph\">Ces mesures ciblent directement les probl\u00e9matiques concr\u00e8tes des classes populaires : pr\u00e9carit\u00e9 \u00e9conomique, acc\u00e8s difficile aux droits sociaux, marginalisation sociale. <\/p>\n\n\n\n<p class=\"wp-block-paragraph\">Elles s\u2019inscrivent dans une logique d\u2019innovation sociale pragmatique, r\u00e9pondant \u00e0 des besoins r\u00e9els avec des solutions participatives et durables. <\/p>\n\n\n\n<p class=\"wp-block-paragraph\">Elles allient soutien social, insertion par l\u2019emploi et renforcement du tissu associatif local, des leviers efficaces pour fid\u00e9liser cet \u00e9lectorat qui cherche des r\u00e9ponses concr\u00e8tes et des r\u00e9sultats tangibles.<\/p>\n\n\n\n<p class=\"wp-block-paragraph\">\u200b<\/p>\n","protected":false},"excerpt":{"rendered":"<p>Pour s\u00e9duire les classes populaires de Belgique, le programme social du MDM contient des mesures innovantes et concr\u00e8tes ax\u00e9es sur la lutte contre la pr\u00e9carit\u00e9, l&rsquo;am\u00e9lioration de l&rsquo;acc\u00e8s aux services sociaux, et la promotion d&rsquo;une participation active \u00e0 la vie \u00e9conomique et sociale. Mesures innovantes pour les classes populaires Pourquoi ces mesures ? Ces mesures [&hellip;]<\/p>\n","protected":false},"author":1,"featured_media":0,"comment_status":"open","ping_status":"open","sticky":false,"template":"","format":"standard","meta":{"_monsterinsights_skip_tracking":false,"_uf_show_specific_survey":0,"_uf_disable_surveys":false,"footnotes":""},"categories":[36],"tags":[],"class_list":["post-1958","post","type-post","status-publish","format-standard","hentry","category-equite-sociale"],"_links":{"self":[{"href":"https:\/\/droitemoderniste.be\/index.php\/wp-json\/wp\/v2\/posts\/1958","targetHints":{"allow":["GET"]}}],"collection":[{"href":"https:\/\/droitemoderniste.be\/index.php\/wp-json\/wp\/v2\/posts"}],"about":[{"href":"https:\/\/droitemoderniste.be\/index.php\/wp-json\/wp\/v2\/types\/post"}],"author":[{"embeddable":true,"href":"https:\/\/droitemoderniste.be\/index.php\/wp-json\/wp\/v2\/users\/1"}],"replies":[{"embeddable":true,"href":"https:\/\/droitemoderniste.be\/index.php\/wp-json\/wp\/v2\/comments?post=1958"}],"version-history":[{"count":1,"href":"https:\/\/droitemoderniste.be\/index.php\/wp-json\/wp\/v2\/posts\/1958\/revisions"}],"predecessor-version":[{"id":1960,"href":"https:\/\/droitemoderniste.be\/index.php\/wp-json\/wp\/v2\/posts\/1958\/revisions\/1960"}],"wp:attachment":[{"href":"https:\/\/droitemoderniste.be\/index.php\/wp-json\/wp\/v2\/media?parent=1958"}],"wp:term":[{"taxonomy":"category","embeddable":true,"href":"https:\/\/droitemoderniste.be\/index.php\/wp-json\/wp\/v2\/categories?post=1958"},{"taxonomy":"post_tag","embeddable":true,"href":"https:\/\/droitemoderniste.be\/index.php\/wp-json\/wp\/v2\/tags?post=1958"}],"curies":[{"name":"wp","href":"https:\/\/api.w.org\/{rel}","templated":true}]}}