{"id":1945,"date":"2025-11-02T11:26:48","date_gmt":"2025-11-02T10:26:48","guid":{"rendered":"https:\/\/droitemoderniste.be\/?p=1945"},"modified":"2025-11-02T11:28:02","modified_gmt":"2025-11-02T10:28:02","slug":"le-mdm-est-identifie-comme-un-mouvement-de-droite-democratique-renovee","status":"publish","type":"post","link":"https:\/\/droitemoderniste.be\/index.php\/2025\/11\/02\/le-mdm-est-identifie-comme-un-mouvement-de-droite-democratique-renovee\/","title":{"rendered":"Le MDM est identifi\u00e9 comme un mouvement de droite d\u00e9mocratique r\u00e9nov\u00e9e&#8230;"},"content":{"rendered":"\n<figure class=\"wp-block-image size-full\"><img loading=\"lazy\" decoding=\"async\" width=\"275\" height=\"183\" src=\"https:\/\/droitemoderniste.be\/wp-content\/uploads\/2025\/11\/classes-populaires1.jpg\" alt=\"\" class=\"wp-image-1946\"\/><\/figure>\n\n\n\n<p class=\"wp-block-paragraph\"><strong>\u2026 \u00e0 la crois\u00e9e du lib\u00e9ralisme social et du r\u00e9publicanisme civique.<\/strong><\/p>\n\n\n\n<p class=\"wp-block-paragraph\">Les analyses de politologues et chercheurs ind\u00e9pendants permettent de situer le <strong><mark style=\"background-color:rgba(0, 0, 0, 0);color:#ff6900\" class=\"has-inline-color\">Mouvement Droite Moderniste (MDM)<\/mark><\/strong> dans le paysage politique belge comme une <strong>droite r\u00e9formiste, sociale et civique<\/strong>, nettement distincte \u00e0 la fois de la droite conservatrice classique et des formations d\u2019extr\u00eame droite.<\/p>\n\n\n\n<p class=\"wp-block-paragraph\"><\/p>\n\n\n\n<p class=\"wp-block-paragraph\"><strong>Analyses universitaires et sources institutionnelles<\/strong><\/p>\n\n\n\n<ul class=\"wp-block-list\">\n<li><strong>CRISP <\/strong>(Centre de recherche et d\u2019information socio-politiques) et <strong>VUB <\/strong>(Vrije Universiteit Brussel) incluent le <mark style=\"background-color:rgba(0, 0, 0, 0);color:#ff6900\" class=\"has-inline-color\">MDM<\/mark> dans la cat\u00e9gorie \u00e9mergente des <strong>\u201cdroites modernistes non populistes\u201d<\/strong>, caract\u00e9ris\u00e9es par leur <strong>rationalit\u00e9 programmatique<\/strong> et <strong>leur attachement \u00e0 la d\u00e9mocratie pluraliste<\/strong>. Ces \u00e9tudes le distinguent explicitement des mouvements radicaux antisyst\u00e8me (comme le Vlaams Belang ou les formations catholiques r\u00e9actionnaires).<\/li>\n\n\n\n<li><strong>Yves Rogister<\/strong> (Universit\u00e9 de Li\u00e8ge, sp\u00e9cialiste de l\u2019extr\u00e9misme politique) souligne que les formations d\u2019extr\u00eame droite se d\u00e9finissent avant tout par leur \u201crapport d\u00e9sinhib\u00e9 \u00e0 la violence symbolique ou physique\u201d et leur \u201cvision illib\u00e9rale du pouvoir\u201d \u2014 deux traits absents du corpus discursif du <mark style=\"background-color:rgba(0, 0, 0, 0);color:#ff6900\" class=\"has-inline-color\">MDM<\/mark>, qui insiste sur la r\u00e9forme d\u00e9mocratique et l\u2019\u00e9thique civique.<\/li>\n\n\n\n<li><strong>Arthur Borriello<\/strong> (Universit\u00e9 de Namur) rappelle, \u00e0 propos des recompositions \u00e0 droite en Belgique, que les nouvelles formations post-lib\u00e9rales peuvent \u00eatre \u201ccritiques du statu quo sans \u00eatre populistes ni extr\u00e9mistes\u201d, un cadre d\u2019analyse dans lequel s\u2019ins\u00e8re le <mark style=\"background-color:rgba(0, 0, 0, 0);color:#ff6900\" class=\"has-inline-color\">MDM<\/mark>, per\u00e7u comme un laboratoire de synth\u00e8se droite-centre ind\u00e9pendante.<\/li>\n<\/ul>\n\n\n\n<p class=\"wp-block-paragraph\"><strong>Lectures comparatives du positionnement id\u00e9ologique<\/strong><\/p>\n\n\n\n<p class=\"wp-block-paragraph\">Les grilles de positionnement produites par les chercheurs et journalistes politiques belges classent le <mark style=\"background-color:rgba(0, 0, 0, 0);color:#ff6900\" class=\"has-inline-color\">MDM<\/mark> dans une <strong>\u201cdroite social-lib\u00e9rale populaire\u201d<\/strong>, associ\u00e9e :<\/p>\n\n\n\n<ul class=\"wp-block-list\">\n<li>\u00e0 une <strong>\u00e9conomie r\u00e9gul\u00e9e mais concurrentielle<\/strong>,<\/li>\n\n\n\n<li>\u00e0 un <strong>patriotisme civique non identitaire<\/strong>,<\/li>\n\n\n\n<li>et \u00e0 une <strong>\u00e9cologie pragmatique non punitive<\/strong>.<\/li>\n<\/ul>\n\n\n\n<p class=\"wp-block-paragraph\">Cette approche moderniste s\u2019oppose \u00e0 la rh\u00e9torique identitaire et illib\u00e9rale de l\u2019extr\u00eame droite (Vlaams Belang, Nation), mais aussi \u00e0 l\u2019individualisme absolu du lib\u00e9ralisme classique (MR).<\/p>\n\n\n\n<p class=\"wp-block-paragraph\">Le <mark style=\"background-color:rgba(0, 0, 0, 0);color:#ff6900\" class=\"has-inline-color\">MDM <\/mark>appara\u00eet donc comme un courant de <strong>r\u00e9conciliation droite-gauche sur une base de responsabilit\u00e9 nationale et sociale<\/strong>.<\/p>\n\n\n\n<p class=\"wp-block-paragraph\">\u200b<\/p>\n\n\n\n<p class=\"wp-block-paragraph\"><strong>Conclusion<\/strong><\/p>\n\n\n\n<p class=\"wp-block-paragraph\">Les analyses convergent : le <strong><mark style=\"background-color:rgba(0, 0, 0, 0);color:#ff6900\" class=\"has-inline-color\">MDM <\/mark>est identifi\u00e9 comme un mouvement de droite d\u00e9mocratique r\u00e9nov\u00e9e<\/strong>, \u00e0 la crois\u00e9e du lib\u00e9ralisme social et du r\u00e9publicanisme civique.<\/p>\n\n\n\n<p class=\"wp-block-paragraph\">Son discours r\u00e9formateur, son refus des exclusions identitaires, et son attachement d\u00e9clar\u00e9 \u00e0 l\u2019\u00c9tat de droit l\u2019excluent clairement du champ de l\u2019extr\u00eame droite au sens politologique.<\/p>\n\n\n\n<p class=\"wp-block-paragraph\"><\/p>\n","protected":false},"excerpt":{"rendered":"<p>\u2026 \u00e0 la crois\u00e9e du lib\u00e9ralisme social et du r\u00e9publicanisme civique. Les analyses de politologues et chercheurs ind\u00e9pendants permettent de situer le Mouvement Droite Moderniste (MDM) dans le paysage politique belge comme une droite r\u00e9formiste, sociale et civique, nettement distincte \u00e0 la fois de la droite conservatrice classique et des formations d\u2019extr\u00eame droite. Analyses universitaires [&hellip;]<\/p>\n","protected":false},"author":1,"featured_media":0,"comment_status":"open","ping_status":"open","sticky":false,"template":"","format":"standard","meta":{"_monsterinsights_skip_tracking":false,"_uf_show_specific_survey":0,"_uf_disable_surveys":false,"footnotes":""},"categories":[34,8],"tags":[],"class_list":["post-1945","post","type-post","status-publish","format-standard","hentry","category-mouvement-droite-moderniste","category-positionnement"],"_links":{"self":[{"href":"https:\/\/droitemoderniste.be\/index.php\/wp-json\/wp\/v2\/posts\/1945","targetHints":{"allow":["GET"]}}],"collection":[{"href":"https:\/\/droitemoderniste.be\/index.php\/wp-json\/wp\/v2\/posts"}],"about":[{"href":"https:\/\/droitemoderniste.be\/index.php\/wp-json\/wp\/v2\/types\/post"}],"author":[{"embeddable":true,"href":"https:\/\/droitemoderniste.be\/index.php\/wp-json\/wp\/v2\/users\/1"}],"replies":[{"embeddable":true,"href":"https:\/\/droitemoderniste.be\/index.php\/wp-json\/wp\/v2\/comments?post=1945"}],"version-history":[{"count":2,"href":"https:\/\/droitemoderniste.be\/index.php\/wp-json\/wp\/v2\/posts\/1945\/revisions"}],"predecessor-version":[{"id":1948,"href":"https:\/\/droitemoderniste.be\/index.php\/wp-json\/wp\/v2\/posts\/1945\/revisions\/1948"}],"wp:attachment":[{"href":"https:\/\/droitemoderniste.be\/index.php\/wp-json\/wp\/v2\/media?parent=1945"}],"wp:term":[{"taxonomy":"category","embeddable":true,"href":"https:\/\/droitemoderniste.be\/index.php\/wp-json\/wp\/v2\/categories?post=1945"},{"taxonomy":"post_tag","embeddable":true,"href":"https:\/\/droitemoderniste.be\/index.php\/wp-json\/wp\/v2\/tags?post=1945"}],"curies":[{"name":"wp","href":"https:\/\/api.w.org\/{rel}","templated":true}]}}