{"id":1938,"date":"2025-11-01T11:38:31","date_gmt":"2025-11-01T10:38:31","guid":{"rendered":"https:\/\/droitemoderniste.be\/?p=1938"},"modified":"2025-11-01T11:38:31","modified_gmt":"2025-11-01T10:38:31","slug":"modernisme-et-extreme-droite-sont-comme-le-jour-et-la-nuit","status":"publish","type":"post","link":"https:\/\/droitemoderniste.be\/index.php\/2025\/11\/01\/modernisme-et-extreme-droite-sont-comme-le-jour-et-la-nuit\/","title":{"rendered":"Modernisme et extr\u00eame-droite sont comme le jour et la nuit"},"content":{"rendered":"\n<figure class=\"wp-block-image size-full\"><img loading=\"lazy\" decoding=\"async\" width=\"940\" height=\"470\" src=\"https:\/\/droitemoderniste.be\/wp-content\/uploads\/2025\/11\/5cdaeb6a9978e2534737341f.jpg\" alt=\"\" class=\"wp-image-1939\" srcset=\"https:\/\/droitemoderniste.be\/wp-content\/uploads\/2025\/11\/5cdaeb6a9978e2534737341f.jpg 940w, https:\/\/droitemoderniste.be\/wp-content\/uploads\/2025\/11\/5cdaeb6a9978e2534737341f-300x150.jpg 300w, https:\/\/droitemoderniste.be\/wp-content\/uploads\/2025\/11\/5cdaeb6a9978e2534737341f-768x384.jpg 768w\" sizes=\"auto, (max-width: 940px) 100vw, 940px\" \/><\/figure>\n\n\n\n<p class=\"wp-block-paragraph\">Pourquoi le modernisme n&rsquo;est pas l&rsquo;extr\u00eame-droite?<\/p>\n\n\n\n<p class=\"wp-block-paragraph\">Question fondamentale pour distinguer des courants souvent confondus dans le d\u00e9bat public. Voici une explication claire et structur\u00e9e<\/p>\n\n\n\n<hr class=\"wp-block-separator has-alpha-channel-opacity\"\/>\n\n\n\n<h5 class=\"wp-block-heading\">1. Le modernisme : une philosophie du progr\u00e8s, pas du repli<\/h5>\n\n\n\n<p class=\"wp-block-paragraph\">Le <strong>modernisme<\/strong> est une pens\u00e9e tourn\u00e9e vers <strong>l\u2019avenir, l\u2019innovation et l\u2019adaptation<\/strong>.<br>Il valorise :<\/p>\n\n\n\n<ul class=\"wp-block-list\">\n<li>la <strong>science<\/strong>, la <strong>raison<\/strong>, et la <strong>cr\u00e9ativit\u00e9 humaine<\/strong> ;<\/li>\n\n\n\n<li>la <strong>modernisation de la soci\u00e9t\u00e9 et des institutions<\/strong> ;<\/li>\n\n\n\n<li>un <strong>\u00e9quilibre entre tradition et progr\u00e8s<\/strong>, sans nostalgie d\u2019un pass\u00e9 id\u00e9alis\u00e9.<\/li>\n<\/ul>\n\n\n\n<p class=\"wp-block-paragraph\">\u27a1 Le modernisme cherche \u00e0 <strong>faire \u00e9voluer la soci\u00e9t\u00e9 dans le monde d\u2019aujourd\u2019hui<\/strong>, pas \u00e0 revenir en arri\u00e8re.<\/p>\n\n\n\n<hr class=\"wp-block-separator has-alpha-channel-opacity\"\/>\n\n\n\n<h5 class=\"wp-block-heading\">2. L\u2019extr\u00eame-droite : une logique de fermeture et d\u2019exclusion<\/h5>\n\n\n\n<p class=\"wp-block-paragraph\">L\u2019<strong>extr\u00eame-droite<\/strong>, au contraire, repose souvent sur :<\/p>\n\n\n\n<ul class=\"wp-block-list\">\n<li>le <strong>repli identitaire<\/strong> et la <strong>nostalgie d\u2019un \u00e2ge d\u2019or<\/strong> ;<\/li>\n\n\n\n<li>une vision <strong>autoritaire<\/strong> du pouvoir et de la soci\u00e9t\u00e9 ;<\/li>\n\n\n\n<li>une <strong>d\u00e9fiance envers la d\u00e9mocratie pluraliste<\/strong> ;<\/li>\n\n\n\n<li>une <strong>hostilit\u00e9 envers les diff\u00e9rences<\/strong> (ethniques, culturelles, religieuses, etc.).<\/li>\n<\/ul>\n\n\n\n<p class=\"wp-block-paragraph\">\u27a1 C\u2019est une logique <strong>r\u00e9actionnaire et \u00e9motionnelle<\/strong>, centr\u00e9e sur la peur du changement.<\/p>\n\n\n\n<hr class=\"wp-block-separator has-alpha-channel-opacity\"\/>\n\n\n\n<h5 class=\"wp-block-heading\">3. Le modernisme est compatible avec la d\u00e9mocratie et les droits<\/h5>\n\n\n\n<p class=\"wp-block-paragraph\">Le modernisme politique \u2014 comme celui que d\u00e9fend le <strong><mark style=\"background-color:rgba(0, 0, 0, 0);color:#ff6900\" class=\"has-inline-color\">Mouvement Droite Moderniste (MDM)<\/mark><\/strong> \u2014 repose sur :<\/p>\n\n\n\n<ul class=\"wp-block-list\">\n<li>la <strong>d\u00e9mocratie repr\u00e9sentative<\/strong> et la <strong>libert\u00e9 d\u2019expression<\/strong> ;<\/li>\n\n\n\n<li>le <strong>respect de l\u2019\u00c9tat de droit<\/strong> et des <strong>valeurs europ\u00e9ennes<\/strong> ;<\/li>\n\n\n\n<li>la <strong>recherche d\u2019un \u00e9quilibre<\/strong> entre ordre, libert\u00e9 et solidarit\u00e9.<\/li>\n<\/ul>\n\n\n\n<p class=\"wp-block-paragraph\">\u27a1 C\u2019est une <strong>droite constructive<\/strong>, pas une droite de rupture.<\/p>\n\n\n\n<hr class=\"wp-block-separator has-alpha-channel-opacity\"\/>\n\n\n\n<h5 class=\"wp-block-heading\">&nbsp;4. Une droite moderniste n\u2019est pas une droite radicale<\/h5>\n\n\n\n<p class=\"wp-block-paragraph\">La droite moderniste reconna\u00eet :<\/p>\n\n\n\n<ul class=\"wp-block-list\">\n<li>les <strong>valeurs traditionnelles<\/strong> (famille, travail, m\u00e9rite, nation),<\/li>\n\n\n\n<li>tout en les adaptant <strong>aux r\u00e9alit\u00e9s du XXIe si\u00e8cle<\/strong> : environnement, num\u00e9rique, inclusion, \u00e9conomie verte.<\/li>\n<\/ul>\n\n\n\n<p class=\"wp-block-paragraph\">Elle <strong>rejette la haine<\/strong>, le complotisme, le simplisme populiste et le rejet des institutions.<\/p>\n\n\n\n<hr class=\"wp-block-separator has-alpha-channel-opacity\"\/>\n\n\n\n<h6 class=\"wp-block-heading\">&nbsp;En r\u00e9sum\u00e9<\/h6>\n\n\n\n<figure class=\"wp-block-table\"><table class=\"has-fixed-layout\"><thead><tr><td><strong>Aspect<\/strong><strong><\/strong><\/td><td><strong>Modernisme<\/strong><strong><\/strong><\/td><td><strong>Extr\u00eame-droite<\/strong><strong><\/strong><\/td><\/tr><\/thead><tbody><tr><td>Rapport au pass\u00e9<\/td><td>S\u2019en inspire sans s\u2019y enfermer<\/td><td>Id\u00e9alise le pass\u00e9<\/td><\/tr><tr><td>Rapport au progr\u00e8s<\/td><td>Favorable au changement r\u00e9fl\u00e9chi<\/td><td>M\u00e9fiance, rejet du progr\u00e8s<\/td><\/tr><tr><td>Valeurs<\/td><td>D\u00e9mocratie, raison, innovation<\/td><td>Autorit\u00e9, identit\u00e9, exclusion<\/td><\/tr><tr><td>Vision du monde<\/td><td>Ouverte, prospective<\/td><td>Ferm\u00e9e, nostalgique<\/td><\/tr><tr><td>Objectif<\/td><td>Moderniser la droite<\/td><td>Radicaliser la droite<\/td><\/tr><\/tbody><\/table><\/figure>\n","protected":false},"excerpt":{"rendered":"<p>Pourquoi le modernisme n&rsquo;est pas l&rsquo;extr\u00eame-droite? Question fondamentale pour distinguer des courants souvent confondus dans le d\u00e9bat public. Voici une explication claire et structur\u00e9e 1. Le modernisme : une philosophie du progr\u00e8s, pas du repli Le modernisme est une pens\u00e9e tourn\u00e9e vers l\u2019avenir, l\u2019innovation et l\u2019adaptation.Il valorise : \u27a1 Le modernisme cherche \u00e0 faire \u00e9voluer [&hellip;]<\/p>\n","protected":false},"author":1,"featured_media":0,"comment_status":"open","ping_status":"open","sticky":false,"template":"","format":"standard","meta":{"_monsterinsights_skip_tracking":false,"_uf_show_specific_survey":0,"_uf_disable_surveys":false,"footnotes":""},"categories":[34],"tags":[],"class_list":["post-1938","post","type-post","status-publish","format-standard","hentry","category-mouvement-droite-moderniste"],"_links":{"self":[{"href":"https:\/\/droitemoderniste.be\/index.php\/wp-json\/wp\/v2\/posts\/1938","targetHints":{"allow":["GET"]}}],"collection":[{"href":"https:\/\/droitemoderniste.be\/index.php\/wp-json\/wp\/v2\/posts"}],"about":[{"href":"https:\/\/droitemoderniste.be\/index.php\/wp-json\/wp\/v2\/types\/post"}],"author":[{"embeddable":true,"href":"https:\/\/droitemoderniste.be\/index.php\/wp-json\/wp\/v2\/users\/1"}],"replies":[{"embeddable":true,"href":"https:\/\/droitemoderniste.be\/index.php\/wp-json\/wp\/v2\/comments?post=1938"}],"version-history":[{"count":1,"href":"https:\/\/droitemoderniste.be\/index.php\/wp-json\/wp\/v2\/posts\/1938\/revisions"}],"predecessor-version":[{"id":1940,"href":"https:\/\/droitemoderniste.be\/index.php\/wp-json\/wp\/v2\/posts\/1938\/revisions\/1940"}],"wp:attachment":[{"href":"https:\/\/droitemoderniste.be\/index.php\/wp-json\/wp\/v2\/media?parent=1938"}],"wp:term":[{"taxonomy":"category","embeddable":true,"href":"https:\/\/droitemoderniste.be\/index.php\/wp-json\/wp\/v2\/categories?post=1938"},{"taxonomy":"post_tag","embeddable":true,"href":"https:\/\/droitemoderniste.be\/index.php\/wp-json\/wp\/v2\/tags?post=1938"}],"curies":[{"name":"wp","href":"https:\/\/api.w.org\/{rel}","templated":true}]}}