{"id":1883,"date":"2025-10-30T11:14:02","date_gmt":"2025-10-30T10:14:02","guid":{"rendered":"https:\/\/droitemoderniste.be\/?p=1883"},"modified":"2025-10-30T11:48:48","modified_gmt":"2025-10-30T10:48:48","slug":"preserver-la-primaute-de-lidentite-culturelle-belge","status":"publish","type":"post","link":"https:\/\/droitemoderniste.be\/index.php\/2025\/10\/30\/preserver-la-primaute-de-lidentite-culturelle-belge\/","title":{"rendered":"Pr\u00e9server notre belgitude :la primaut\u00e9 de l&rsquo;identit\u00e9 culturelle belge"},"content":{"rendered":"\n<figure class=\"wp-block-image size-full\"><img loading=\"lazy\" decoding=\"async\" width=\"310\" height=\"163\" src=\"https:\/\/droitemoderniste.be\/wp-content\/uploads\/2025\/10\/identite-belge2.jpg\" alt=\"\" class=\"wp-image-1884\" srcset=\"https:\/\/droitemoderniste.be\/wp-content\/uploads\/2025\/10\/identite-belge2.jpg 310w, https:\/\/droitemoderniste.be\/wp-content\/uploads\/2025\/10\/identite-belge2-300x158.jpg 300w\" sizes=\"auto, (max-width: 310px) 100vw, 310px\" \/><\/figure>\n\n\n\n<p class=\"wp-block-paragraph\">Pour le <mark style=\"background-color:rgba(0, 0, 0, 0);color:#ff6900\" class=\"has-inline-color\">Mouvement Droite Moderniste (MDM)<\/mark>, la <strong>civilisation \u00e0 reconqu\u00e9rir<\/strong> n\u2019est pas d\u00e9finie en termes ethniques ou religieux, mais comme un mod\u00e8le de <strong>soci\u00e9t\u00e9 ordonn\u00e9e, libre et solidaire<\/strong>, o\u00f9 les valeurs fondatrices de la Belgique moderne \u2013 m\u00e9rite, responsabilit\u00e9, solidarit\u00e9 et libert\u00e9 \u2013 reprennent leur r\u00f4le structurant.<\/p>\n\n\n\n<p class=\"wp-block-paragraph\">\u200b<\/p>\n\n\n\n<p class=\"wp-block-paragraph\"><strong>Une civilisation civique et morale<\/strong><\/p>\n\n\n\n<p class=\"wp-block-paragraph\">Le <mark style=\"background-color:rgba(0, 0, 0, 0);color:#ff6900\" class=\"has-inline-color\">MDM<\/mark> d\u00e9crit la civilisation qu\u2019il d\u00e9fend comme une <strong>civilisation civique<\/strong>, guid\u00e9e par l\u2019ordre, la justice et la responsabilit\u00e9. Elle repose sur une red\u00e9couverte du <strong>sens du devoir et du m\u00e9rite<\/strong>, principes consid\u00e9r\u00e9s essentiels \u00e0 la vie collective. La reconqu\u00eate vise donc \u00e0 restaurer des valeurs publiques coh\u00e9rentes face \u00e0 l\u2019individualisme et au relativisme moral contemporains.<\/p>\n\n\n\n<p class=\"wp-block-paragraph\">\u200b<\/p>\n\n\n\n<p class=\"wp-block-paragraph\"><strong>Une humanit\u00e9 enracin\u00e9e et moderne<\/strong><\/p>\n\n\n\n<p class=\"wp-block-paragraph\">La civilisation moderniste est, selon le <mark style=\"background-color:rgba(0, 0, 0, 0);color:#ff6900\" class=\"has-inline-color\">MDM<\/mark>, \u00e0 la fois <strong>enracin\u00e9e et tourn\u00e9e vers l\u2019avenir<\/strong>. Elle refuse le conservatisme fig\u00e9 et la radicalit\u00e9 identitaire, tout en rejetant le d\u00e9racinement culturel. Le mouvement valorise un <strong>progr\u00e8s r\u00e9gul\u00e9 et humain<\/strong>, capable de concilier innovation, \u00e9cologie, et m\u00e9moire collective.<\/p>\n\n\n\n<p class=\"wp-block-paragraph\">\u200b<\/p>\n\n\n\n<p class=\"wp-block-paragraph\"><strong>Spiritualit\u00e9 personnelle et la\u00efcit\u00e9 civique<\/strong><\/p>\n\n\n\n<p class=\"wp-block-paragraph\">Le <mark style=\"background-color:rgba(0, 0, 0, 0);color:#ff6900\" class=\"has-inline-color\">MDM<\/mark> situe la <strong>spiritualit\u00e9 dans la sph\u00e8re priv\u00e9e<\/strong>, en reconnaissant son apport \u00e0 la morale personnelle tout en refusant toute pr\u00e9tention d\u2019un culte \u00e0 dicter la norme publique. Cette vision soutient une civilisation <strong>ouverte mais non relativiste<\/strong>, o\u00f9 foi et raison coexistent dans le cadre d\u2019une la\u00efcit\u00e9 \u00e9quilibr\u00e9e.<\/p>\n\n\n\n<p class=\"wp-block-paragraph\">\u200b<\/p>\n\n\n\n<p class=\"wp-block-paragraph\"><strong>H\u00e9ritage belge et universalisme europ\u00e9en<\/strong><\/p>\n\n\n\n<p class=\"wp-block-paragraph\">Le parti affirme vouloir <strong>pr\u00e9server la primaut\u00e9 de l\u2019identit\u00e9 culturelle belge<\/strong> tout en maintenant un <strong>pluralisme encadr\u00e9<\/strong> : la diversit\u00e9 culturelle est accept\u00e9e tant qu\u2019elle s\u2019inscrit dans le respect des lois et valeurs d\u00e9mocratiques. Cette conception fonde la civilisation \u00e0 reconqu\u00e9rir sur l\u2019unit\u00e9 civique plut\u00f4t que sur une homog\u00e9n\u00e9it\u00e9 culturelle.<\/p>\n\n\n\n<p class=\"wp-block-paragraph\">\u200b<\/p>\n\n\n\n<p class=\"wp-block-paragraph\">En somme, la civilisation que le <mark style=\"background-color:rgba(0, 0, 0, 0);color:#ff6900\" class=\"has-inline-color\">MDM<\/mark> souhaite reconqu\u00e9rir est celle d\u2019un <strong>humanisme belge modernis\u00e9<\/strong> : une soci\u00e9t\u00e9 libre, responsable et solidaire, enracin\u00e9e dans son identit\u00e9 mais ouverte \u00e0 l\u2019innovation, o\u00f9 les valeurs civiques remplacent l\u2019id\u00e9ologie comme boussole morale et politique.<\/p>\n\n\n\n<figure class=\"wp-block-image size-full\"><img loading=\"lazy\" decoding=\"async\" width=\"280\" height=\"180\" src=\"https:\/\/droitemoderniste.be\/wp-content\/uploads\/2025\/10\/identite-belge.jpg\" alt=\"\" class=\"wp-image-1885\"\/><\/figure>\n","protected":false},"excerpt":{"rendered":"<p>Pour le Mouvement Droite Moderniste (MDM), la civilisation \u00e0 reconqu\u00e9rir n\u2019est pas d\u00e9finie en termes ethniques ou religieux, mais comme un mod\u00e8le de soci\u00e9t\u00e9 ordonn\u00e9e, libre et solidaire, o\u00f9 les valeurs fondatrices de la Belgique moderne \u2013 m\u00e9rite, responsabilit\u00e9, solidarit\u00e9 et libert\u00e9 \u2013 reprennent leur r\u00f4le structurant. \u200b Une civilisation civique et morale Le MDM [&hellip;]<\/p>\n","protected":false},"author":1,"featured_media":0,"comment_status":"open","ping_status":"open","sticky":false,"template":"","format":"standard","meta":{"_monsterinsights_skip_tracking":false,"_uf_show_specific_survey":0,"_uf_disable_surveys":false,"footnotes":""},"categories":[33],"tags":[],"class_list":["post-1883","post","type-post","status-publish","format-standard","hentry","category-belgitude"],"_links":{"self":[{"href":"https:\/\/droitemoderniste.be\/index.php\/wp-json\/wp\/v2\/posts\/1883","targetHints":{"allow":["GET"]}}],"collection":[{"href":"https:\/\/droitemoderniste.be\/index.php\/wp-json\/wp\/v2\/posts"}],"about":[{"href":"https:\/\/droitemoderniste.be\/index.php\/wp-json\/wp\/v2\/types\/post"}],"author":[{"embeddable":true,"href":"https:\/\/droitemoderniste.be\/index.php\/wp-json\/wp\/v2\/users\/1"}],"replies":[{"embeddable":true,"href":"https:\/\/droitemoderniste.be\/index.php\/wp-json\/wp\/v2\/comments?post=1883"}],"version-history":[{"count":2,"href":"https:\/\/droitemoderniste.be\/index.php\/wp-json\/wp\/v2\/posts\/1883\/revisions"}],"predecessor-version":[{"id":1887,"href":"https:\/\/droitemoderniste.be\/index.php\/wp-json\/wp\/v2\/posts\/1883\/revisions\/1887"}],"wp:attachment":[{"href":"https:\/\/droitemoderniste.be\/index.php\/wp-json\/wp\/v2\/media?parent=1883"}],"wp:term":[{"taxonomy":"category","embeddable":true,"href":"https:\/\/droitemoderniste.be\/index.php\/wp-json\/wp\/v2\/categories?post=1883"},{"taxonomy":"post_tag","embeddable":true,"href":"https:\/\/droitemoderniste.be\/index.php\/wp-json\/wp\/v2\/tags?post=1883"}],"curies":[{"name":"wp","href":"https:\/\/api.w.org\/{rel}","templated":true}]}}