{"id":1880,"date":"2025-10-29T15:02:34","date_gmt":"2025-10-29T14:02:34","guid":{"rendered":"https:\/\/droitemoderniste.be\/?p=1880"},"modified":"2025-10-29T15:02:34","modified_gmt":"2025-10-29T14:02:34","slug":"amis-compatriotes-juifs-vos-peurs-et-vos-souffrances-sont-les-notres","status":"publish","type":"post","link":"https:\/\/droitemoderniste.be\/index.php\/2025\/10\/29\/amis-compatriotes-juifs-vos-peurs-et-vos-souffrances-sont-les-notres\/","title":{"rendered":"Amis, compatriotes juifs, vos peurs et vos souffrances sont les n\u00f4tres"},"content":{"rendered":"\n<figure class=\"wp-block-image size-full\"><img loading=\"lazy\" decoding=\"async\" width=\"303\" height=\"166\" src=\"https:\/\/droitemoderniste.be\/wp-content\/uploads\/2025\/10\/juifs-belges1.jpg\" alt=\"\" class=\"wp-image-1881\" srcset=\"https:\/\/droitemoderniste.be\/wp-content\/uploads\/2025\/10\/juifs-belges1.jpg 303w, https:\/\/droitemoderniste.be\/wp-content\/uploads\/2025\/10\/juifs-belges1-300x164.jpg 300w\" sizes=\"auto, (max-width: 303px) 100vw, 303px\" \/><\/figure>\n\n\n\n<p class=\"wp-block-paragraph\">Amis, compatriotes juifs, votre souffrance et vos peurs sont les n\u00f4tres .<\/p>\n\n\n\n<p class=\"wp-block-paragraph\">Je ne suis pas juif.<br>Je suis catholique romain progressiste.<br>Mais le sujet n\u2019est pas d\u2019appartenir \u00e0 une communaut\u00e9 pour penser ou d\u00e9fendre des valeurs essentielles.<br>Il s\u2019agit de d\u00e9fendre l\u2019humanit\u00e9.<\/p>\n\n\n\n<p class=\"wp-block-paragraph\">Ce qui se passe aujourd\u2019hui est intol\u00e9rable.<br>En Belgique, pays des libert\u00e9s, o\u00f9 nous pensions jusqu\u2019alors que le Royaume prot\u00e9geait chacun d\u2019entre nous, nos compatriotes juifs vivent dans la peur.<br>C\u2019est une funeste r\u00e9alit\u00e9.<\/p>\n\n\n\n<p class=\"wp-block-paragraph\">Le carnage terroriste abject du Hamas contre Isra\u00ebl, le 7 octobre 2023, au lieu de d\u00e9clencher de la compassion, a permis aux antis\u00e9mites de s\u2019exprimer plus fort encore.<br>Cette haine des juifs, dans une minorit\u00e9 d\u2019esprits certes, mais une minorit\u00e9 tr\u00e8s visible, tr\u00e8s vocif\u00e9rante, s\u2019\u00e9tale sans complexe, sans tabous, trouvant m\u00eame les relais m\u00e9diatiques et politiques utiles \u00e0 sa propagande.<\/p>\n\n\n\n<p class=\"wp-block-paragraph\">Mais au-del\u00e0 du d\u00e9go\u00fbt, de la col\u00e8re et de la peine, nous nous devons d\u2019\u00e9noncer des v\u00e9rit\u00e9s.<br>Qui peut \u00eatre surpris du fait que la tol\u00e9rance \u00e0 l\u2019antis\u00e9mitisme, qui existe depuis toutes ces ann\u00e9es, m\u00e8ne \u00e0 ce r\u00e9sultat ?<br>De nombreux enfants juifs ont d\u00fb quitter l\u2019\u00e9cole publique dans les territoires gangr\u00e9n\u00e9s par l\u2019islamisme, ceci sous le silence assourdissant de nombreux commentateurs.<\/p>\n\n\n\n<p class=\"wp-block-paragraph\">Combien de mensonges antis\u00e9mites dans diverses manifestations ont fleuri sous l\u2019\u0153il insuffisamment critique de certains ?<br>Combien d\u2019\u00e9ditorialistes, de journalistes ou de mandataires politiques, notamment au Parlement bruxellois, ont diffus\u00e9, ou cautionn\u00e9, des pens\u00e9es antis\u00e9mites, plus ou moins clairement, avec une certaine permissivit\u00e9 de leur r\u00e9daction ou de leur(e) chef(fe) de parti.<br>Se faisant ainsi les acteurs de la diffusion de ce poison lent.<\/p>\n\n\n\n<p class=\"wp-block-paragraph\">Aujourd\u2019hui doit \u00eatre le jour du sursaut.<br>Chacun doit prendre ses responsabilit\u00e9s en connaissance de cause. Laisser dire et laisser faire, c\u2019est permettre le retour des heures les plus sombres de notre histoire.<\/p>\n\n\n\n<p class=\"wp-block-paragraph\">Pour nous prot\u00e9ger il y a le droit, il est \u00e0 esp\u00e9rer que chaque acte sera puni \u00e0 la hauteur de sa gravit\u00e9.<br>Mais il y a aussi les urnes.<br>Donner du pouvoir \u00e0 ceux qui propagent l\u2019antis\u00e9mitisme ou \u00e0 leurs alli\u00e9s est un acte militant, un choix lourd de sens et de cons\u00e9quences.<br>Personne ne pourra dire, en choisissant son bulletin de vote, qu\u2019il ne savait pas. En tous cas, personne ne les croira.<\/p>\n\n\n\n<p class=\"wp-block-paragraph\">Carl-Alexandre Robyn<br>Fondateur du MDM<\/p>\n","protected":false},"excerpt":{"rendered":"<p>Amis, compatriotes juifs, votre souffrance et vos peurs sont les n\u00f4tres . Je ne suis pas juif.Je suis catholique romain progressiste.Mais le sujet n\u2019est pas d\u2019appartenir \u00e0 une communaut\u00e9 pour penser ou d\u00e9fendre des valeurs essentielles.Il s\u2019agit de d\u00e9fendre l\u2019humanit\u00e9. Ce qui se passe aujourd\u2019hui est intol\u00e9rable.En Belgique, pays des libert\u00e9s, o\u00f9 nous pensions jusqu\u2019alors [&hellip;]<\/p>\n","protected":false},"author":1,"featured_media":0,"comment_status":"open","ping_status":"open","sticky":false,"template":"","format":"standard","meta":{"_monsterinsights_skip_tracking":false,"_uf_show_specific_survey":0,"_uf_disable_surveys":false,"footnotes":""},"categories":[22,18],"tags":[],"class_list":["post-1880","post","type-post","status-publish","format-standard","hentry","category-democratie","category-droite"],"_links":{"self":[{"href":"https:\/\/droitemoderniste.be\/index.php\/wp-json\/wp\/v2\/posts\/1880","targetHints":{"allow":["GET"]}}],"collection":[{"href":"https:\/\/droitemoderniste.be\/index.php\/wp-json\/wp\/v2\/posts"}],"about":[{"href":"https:\/\/droitemoderniste.be\/index.php\/wp-json\/wp\/v2\/types\/post"}],"author":[{"embeddable":true,"href":"https:\/\/droitemoderniste.be\/index.php\/wp-json\/wp\/v2\/users\/1"}],"replies":[{"embeddable":true,"href":"https:\/\/droitemoderniste.be\/index.php\/wp-json\/wp\/v2\/comments?post=1880"}],"version-history":[{"count":1,"href":"https:\/\/droitemoderniste.be\/index.php\/wp-json\/wp\/v2\/posts\/1880\/revisions"}],"predecessor-version":[{"id":1882,"href":"https:\/\/droitemoderniste.be\/index.php\/wp-json\/wp\/v2\/posts\/1880\/revisions\/1882"}],"wp:attachment":[{"href":"https:\/\/droitemoderniste.be\/index.php\/wp-json\/wp\/v2\/media?parent=1880"}],"wp:term":[{"taxonomy":"category","embeddable":true,"href":"https:\/\/droitemoderniste.be\/index.php\/wp-json\/wp\/v2\/categories?post=1880"},{"taxonomy":"post_tag","embeddable":true,"href":"https:\/\/droitemoderniste.be\/index.php\/wp-json\/wp\/v2\/tags?post=1880"}],"curies":[{"name":"wp","href":"https:\/\/api.w.org\/{rel}","templated":true}]}}