{"id":1857,"date":"2025-10-27T14:29:47","date_gmt":"2025-10-27T13:29:47","guid":{"rendered":"https:\/\/droitemoderniste.be\/?p=1857"},"modified":"2025-10-27T14:29:47","modified_gmt":"2025-10-27T13:29:47","slug":"le-mdm-se-distingue-nettement-de-lextreme-droite","status":"publish","type":"post","link":"https:\/\/droitemoderniste.be\/index.php\/2025\/10\/27\/le-mdm-se-distingue-nettement-de-lextreme-droite\/","title":{"rendered":"Le MDM se distingue  nettement de l&rsquo;extr\u00eame droite"},"content":{"rendered":"\n<figure class=\"wp-block-image size-full\"><img loading=\"lazy\" decoding=\"async\" width=\"300\" height=\"168\" src=\"https:\/\/droitemoderniste.be\/wp-content\/uploads\/2025\/10\/tracer-ligne1.jpg\" alt=\"\" class=\"wp-image-1858\"\/><\/figure>\n\n\n\n<p class=\"wp-block-paragraph\">En comparant le programme publi\u00e9 du <mark style=\"background-color:rgba(0, 0, 0, 0);color:#ff6900\" class=\"has-inline-color\">Mouvement Droite Moderniste (MDM)<\/mark> avec les d\u00e9finitions acad\u00e9miques de l\u2019extr\u00eame droite largement admises en science politique, on constate une diff\u00e9rence de nature id\u00e9ologique et programmatique claire.<\/p>\n\n\n\n<p class=\"wp-block-paragraph\"><strong>D\u00e9finition acad\u00e9mique de l\u2019extr\u00eame droite<\/strong><\/p>\n\n\n\n<p class=\"wp-block-paragraph\">Selon les travaux de politologues comme Cas Mudde, Benjamin Biard ou Fr\u00e9d\u00e9ric Boily, l\u2019extr\u00eame droite se reconna\u00eet par cinq traits principaux :<\/p>\n\n\n\n<ol start=\"1\" class=\"wp-block-list\">\n<li>Une <strong>id\u00e9ologie in\u00e9galitaire<\/strong> justifiant la hi\u00e9rarchie naturelle entre individus ou groupes humains.<\/li>\n\n\n\n<li>Un <strong>nationalisme exclusif<\/strong> associ\u00e9 \u00e0 la x\u00e9nophobie ou au racisme.<\/li>\n\n\n\n<li>Un <strong>autoritarisme politique<\/strong> ou une remise en cause du pluralisme d\u00e9mocratique.<\/li>\n\n\n\n<li>Une <strong>rh\u00e9torique du d\u00e9clin<\/strong> appelant \u00e0 un \u00ab sursaut \u00bb souvent illib\u00e9ral.<\/li>\n\n\n\n<li>Un <strong>discours antisyst\u00e8me et populiste<\/strong>, opposant un \u00ab peuple pur \u00bb \u00e0 des \u00ab \u00e9lites corrompues \u00bb.<\/li>\n<\/ol>\n\n\n\n<p class=\"wp-block-paragraph\">Ces dimensions s\u2019articulent autour d\u2019un souverainisme identitaire et d\u2019un rejet du contrat social \u00e9galitaire issu de la d\u00e9mocratie lib\u00e9rale.<\/p>\n\n\n\n<p class=\"wp-block-paragraph\"><strong>Orientation du <mark style=\"background-color:rgba(0, 0, 0, 0);color:#ff6900\" class=\"has-inline-color\">MDM<\/mark> selon son programme<\/strong><\/p>\n\n\n\n<p class=\"wp-block-paragraph\">Le MDM, selon ses textes officiels, se d\u00e9finit comme une <strong>droite moderniste, pragmatique et civique<\/strong>, fond\u00e9e sur le triptyque <strong>m\u00e9rite, innovation et responsabilit\u00e9<\/strong>.<\/p>\n\n\n\n<ul class=\"wp-block-list\">\n<li><strong>\u00c9conomie et fiscalit\u00e9<\/strong> : le mouvement d\u00e9fend une \u00ab synth\u00e8se entre lib\u00e9ralisme et interventionnisme \u00bb et une fiscalit\u00e9 \u00ab au service du travail et du m\u00e9rite \u00bb, sans discours anti-riches ni naturalisation des in\u00e9galit\u00e9s.<\/li>\n\n\n\n<li><strong>Institutions et d\u00e9mocratie<\/strong> : le <mark style=\"background-color:rgba(0, 0, 0, 0);color:#ff6900\" class=\"has-inline-color\">MDM<\/mark> pr\u00f4ne la r\u00e9novation d\u00e9mocratique, la responsabilisation des \u00e9lus et la lutte contre la \u201cparticratie\u201d, mais sans remise en cause du pluralisme ni de l\u2019\u00c9tat de droit.<\/li>\n\n\n\n<li><strong>Migration et souverainet\u00e9<\/strong> : il soutient un contr\u00f4le rationnel des flux migratoires, fond\u00e9 sur la souverainet\u00e9 et la capacit\u00e9 d\u2019int\u00e9gration, mais nie explicitement toute discrimination raciale ou religieuse.<\/li>\n\n\n\n<li><strong>Valeurs civiques<\/strong> : son modernisme s\u2019appuie sur le civisme, la participation citoyenne et le respect de la libert\u00e9 individuelle, rejetant l\u2019id\u00e9ologie du \u201cchoc des civilisations\u201d.<\/li>\n<\/ul>\n\n\n\n<p class=\"wp-block-paragraph\"><strong>Comparaison structur\u00e9e<\/strong><\/p>\n\n\n\n<figure class=\"wp-block-table\"><table class=\"has-fixed-layout\"><thead><tr><td><strong>Crit\u00e8re acad\u00e9mique (extr\u00eame droite)<\/strong><\/td><td><strong><mark style=\"background-color:rgba(0, 0, 0, 0);color:#ff6900\" class=\"has-inline-color\">MDM<\/mark> (programme 2025)<\/strong><\/td><td><strong>R\u00e9sultat comparatif<\/strong><\/td><\/tr><\/thead><tbody><tr><td>In\u00e9galitarisme biologique ou culturel<\/td><td>Rejet\u00e9 ; valorisation du m\u00e9rite individuel<\/td><td>Divergent<\/td><\/tr><tr><td>Nationalisme exclusif \/ ethnicisme<\/td><td>Absent ; patriotisme civique et apolitique<\/td><td>Divergent<\/td><\/tr><tr><td>Hostilit\u00e9 \u00e0 la d\u00e9mocratie pluraliste<\/td><td>Rejet\u00e9e ; volont\u00e9 de la renforcer par r\u00e9forme<\/td><td>Divergent<\/td><\/tr><tr><td>Rh\u00e9torique du d\u00e9clin et du chaos social<\/td><td>Mod\u00e9r\u00e9e ; critique du d\u00e9clin de l\u2019\u00c9tat mais appel \u00e0 la r\u00e9forme rationnelle<\/td><td>Divergent<\/td><\/tr><tr><td>Langage \u00e9motionnel et populiste<\/td><td>Ton analytique et r\u00e9formiste, non \u00e9motionnel<\/td><td>Divergent<\/td><\/tr><\/tbody><\/table><\/figure>\n\n\n\n<p class=\"wp-block-paragraph\"><strong>Synth\u00e8se<\/strong><\/p>\n\n\n\n<p class=\"wp-block-paragraph\">Le <mark style=\"background-color:rgba(0, 0, 0, 0);color:#ff6900\" class=\"has-inline-color\">MDM<\/mark> se distingue donc nettement des crit\u00e8res acad\u00e9miques caract\u00e9risant l\u2019extr\u00eame droite. L\u00e0 o\u00f9 cette derni\u00e8re d\u00e9fend un ordre social bas\u00e9 sur l\u2019in\u00e9galit\u00e9, la x\u00e9nophobie et l\u2019autoritarisme, le <mark style=\"background-color:rgba(0, 0, 0, 0);color:#ff6900\" class=\"has-inline-color\">MDM<\/mark> s\u2019inscrit dans un <strong>r\u00e9formisme national-civique<\/strong>, rationnel et d\u00e9mocratique. Sa critique des exc\u00e8s de la gauche ou du \u201csyst\u00e8me partisan\u201d n\u2019est pas populiste au sens acad\u00e9mique, mais issue d\u2019un projet de rationalisation institutionnelle et morale.<\/p>\n\n\n\n<p class=\"wp-block-paragraph\"><\/p>\n","protected":false},"excerpt":{"rendered":"<p>En comparant le programme publi\u00e9 du Mouvement Droite Moderniste (MDM) avec les d\u00e9finitions acad\u00e9miques de l\u2019extr\u00eame droite largement admises en science politique, on constate une diff\u00e9rence de nature id\u00e9ologique et programmatique claire. D\u00e9finition acad\u00e9mique de l\u2019extr\u00eame droite Selon les travaux de politologues comme Cas Mudde, Benjamin Biard ou Fr\u00e9d\u00e9ric Boily, l\u2019extr\u00eame droite se reconna\u00eet par [&hellip;]<\/p>\n","protected":false},"author":1,"featured_media":0,"comment_status":"open","ping_status":"open","sticky":false,"template":"","format":"standard","meta":{"_monsterinsights_skip_tracking":false,"_uf_show_specific_survey":0,"_uf_disable_surveys":false,"footnotes":""},"categories":[22,34,8],"tags":[],"class_list":["post-1857","post","type-post","status-publish","format-standard","hentry","category-democratie","category-mouvement-droite-moderniste","category-positionnement"],"_links":{"self":[{"href":"https:\/\/droitemoderniste.be\/index.php\/wp-json\/wp\/v2\/posts\/1857","targetHints":{"allow":["GET"]}}],"collection":[{"href":"https:\/\/droitemoderniste.be\/index.php\/wp-json\/wp\/v2\/posts"}],"about":[{"href":"https:\/\/droitemoderniste.be\/index.php\/wp-json\/wp\/v2\/types\/post"}],"author":[{"embeddable":true,"href":"https:\/\/droitemoderniste.be\/index.php\/wp-json\/wp\/v2\/users\/1"}],"replies":[{"embeddable":true,"href":"https:\/\/droitemoderniste.be\/index.php\/wp-json\/wp\/v2\/comments?post=1857"}],"version-history":[{"count":1,"href":"https:\/\/droitemoderniste.be\/index.php\/wp-json\/wp\/v2\/posts\/1857\/revisions"}],"predecessor-version":[{"id":1859,"href":"https:\/\/droitemoderniste.be\/index.php\/wp-json\/wp\/v2\/posts\/1857\/revisions\/1859"}],"wp:attachment":[{"href":"https:\/\/droitemoderniste.be\/index.php\/wp-json\/wp\/v2\/media?parent=1857"}],"wp:term":[{"taxonomy":"category","embeddable":true,"href":"https:\/\/droitemoderniste.be\/index.php\/wp-json\/wp\/v2\/categories?post=1857"},{"taxonomy":"post_tag","embeddable":true,"href":"https:\/\/droitemoderniste.be\/index.php\/wp-json\/wp\/v2\/tags?post=1857"}],"curies":[{"name":"wp","href":"https:\/\/api.w.org\/{rel}","templated":true}]}}