{"id":1848,"date":"2025-10-27T10:55:29","date_gmt":"2025-10-27T09:55:29","guid":{"rendered":"https:\/\/droitemoderniste.be\/?p=1848"},"modified":"2025-10-27T10:55:29","modified_gmt":"2025-10-27T09:55:29","slug":"mdm-incarne-une-troisieme-voie-economique-moderniste","status":"publish","type":"post","link":"https:\/\/droitemoderniste.be\/index.php\/2025\/10\/27\/mdm-incarne-une-troisieme-voie-economique-moderniste\/","title":{"rendered":"MDM incarne une troisi\u00e8me voie \u00e9conomique moderniste"},"content":{"rendered":"\n<figure class=\"wp-block-image size-full\"><img loading=\"lazy\" decoding=\"async\" width=\"275\" height=\"183\" src=\"https:\/\/droitemoderniste.be\/wp-content\/uploads\/2025\/10\/croissance-eco.jpg\" alt=\"\" class=\"wp-image-1849\"\/><\/figure>\n\n\n\n<p class=\"wp-block-paragraph\">Le <strong><mark style=\"background-color:rgba(0, 0, 0, 0);color:#ff6900\" class=\"has-inline-color\">Mouvement Droite Moderniste (MDM)<\/mark><\/strong> incarne une <strong>troisi\u00e8me voie \u00e9conomique<\/strong> en Belgique en se positionnant <strong>au-del\u00e0 de l\u2019opposition classique entre lib\u00e9ralisme pur et \u00e9tatisme socialiste<\/strong>. Il propose un mod\u00e8le <strong>\u00e9quilibr\u00e9, pragmatique et souverain<\/strong>, adapt\u00e9 aux r\u00e9alit\u00e9s belges et europ\u00e9ennes du XXI\u1d49 si\u00e8cle. Voici les fondements de cette \u00ab troisi\u00e8me voie \u00bb \u00e9conomique moderniste :<\/p>\n\n\n\n<hr class=\"wp-block-separator has-alpha-channel-opacity\"\/>\n\n\n\n<h6 class=\"wp-block-heading\">1. Un <strong>dirigisme mod\u00e9r\u00e9<\/strong> : l\u2019\u00c9tat strat\u00e8ge, pas l\u2019\u00c9tat tentaculaire<\/h6>\n\n\n\n<p class=\"wp-block-paragraph\">Le <mark style=\"background-color:rgba(0, 0, 0, 0);color:#ff6900\" class=\"has-inline-color\">MDM<\/mark> rejette l\u2019ultralib\u00e9ralisme d\u00e9r\u00e9gul\u00e9 comme le socialisme bureaucratique.<br>Il pr\u00f4ne un <strong>\u00c9tat strat\u00e8ge<\/strong>, garant de l\u2019int\u00e9r\u00eat g\u00e9n\u00e9ral, qui oriente l\u2019\u00e9conomie sans l\u2019asphyxier.<\/p>\n\n\n\n<ul class=\"wp-block-list\">\n<li><strong>Planification souple<\/strong> des grands investissements (\u00e9nergie, infrastructures, num\u00e9rique, transition \u00e9cologique).<\/li>\n\n\n\n<li><strong>Partenariats public-priv\u00e9<\/strong> pour dynamiser les fili\u00e8res industrielles nationales.<\/li>\n\n\n\n<li><strong>Soutien cibl\u00e9<\/strong> aux secteurs strat\u00e9giques : agroalimentaire, d\u00e9fense, sant\u00e9, technologies propres.<\/li>\n<\/ul>\n\n\n\n<p class=\"wp-block-paragraph\">Objectif : rendre la Belgique <strong>plus souveraine, productive et comp\u00e9titive<\/strong>, sans sacrifier la libert\u00e9 d\u2019entreprendre.<\/p>\n\n\n\n<hr class=\"wp-block-separator has-alpha-channel-opacity\"\/>\n\n\n\n<h6 class=\"wp-block-heading\">2. Un <strong>capitalisme civique et social-lib\u00e9ral<\/strong><\/h6>\n\n\n\n<p class=\"wp-block-paragraph\">Le <mark style=\"background-color:rgba(0, 0, 0, 0);color:#ff6900\" class=\"has-inline-color\">MDM<\/mark> croit en l\u2019entreprise, mais pas au capitalisme sauvage.<br>Il d\u00e9fend un <strong>capitalisme \u00e0 visage humain<\/strong>, fond\u00e9 sur la <strong>responsabilit\u00e9 sociale<\/strong> et la <strong>cr\u00e9ation de valeur partag\u00e9e<\/strong>.<\/p>\n\n\n\n<ul class=\"wp-block-list\">\n<li>Encouragement de l\u2019<strong>actionnariat salari\u00e9<\/strong> et de la <strong>participation des travailleurs<\/strong> aux b\u00e9n\u00e9fices.<\/li>\n\n\n\n<li>Simplification administrative pour les PME et ind\u00e9pendants.<\/li>\n\n\n\n<li>R\u00e9duction des charges sur le travail, compens\u00e9e par une fiscalit\u00e9 plus \u00e9quitable sur les rentes sp\u00e9culatives et les multinationales.<\/li>\n<\/ul>\n\n\n\n<p class=\"wp-block-paragraph\">Une \u00e9conomie libre, mais <strong>au service de la communaut\u00e9 nationale<\/strong>.<\/p>\n\n\n\n<hr class=\"wp-block-separator has-alpha-channel-opacity\"\/>\n\n\n\n<h6 class=\"wp-block-heading\">3. Un <strong>protectionnisme raisonn\u00e9<\/strong> et un <strong>patriotisme \u00e9conomique europ\u00e9en<\/strong><\/h6>\n\n\n\n<p class=\"wp-block-paragraph\">Le <mark style=\"background-color:rgba(0, 0, 0, 0);color:#ff6900\" class=\"has-inline-color\">MDM<\/mark> refuse la na\u00efvet\u00e9 commerciale qui affaiblit les \u00e9conomies europ\u00e9ennes.<br>Il d\u00e9fend un <strong>protectionnisme intelligent<\/strong>, compatible avec l\u2019Europe :<\/p>\n\n\n\n<ul class=\"wp-block-list\">\n<li>Pr\u00e9f\u00e9rence pour les <strong>produits europ\u00e9ens<\/strong> dans les march\u00e9s publics.<\/li>\n\n\n\n<li>Taxation carbone aux fronti\u00e8res pour prot\u00e9ger nos entreprises.<\/li>\n\n\n\n<li>Relocalisation strat\u00e9gique des productions essentielles.<\/li>\n<\/ul>\n\n\n\n<p class=\"wp-block-paragraph\">Une Europe des nations fortes et coop\u00e9rantes, capable de se prot\u00e9ger dans la mondialisation.<\/p>\n\n\n\n<hr class=\"wp-block-separator has-alpha-channel-opacity\"\/>\n\n\n\n<h6 class=\"wp-block-heading\">4. Une <strong>\u00e9conomie durable et technologique<\/strong><\/h6>\n\n\n\n<p class=\"wp-block-paragraph\">Le <mark style=\"background-color:rgba(0, 0, 0, 0);color:#ff6900\" class=\"has-inline-color\">MDM<\/mark> veut faire de la <strong>transition \u00e9nerg\u00e9tique<\/strong> une <strong>opportunit\u00e9 de croissance<\/strong>, pas une contrainte punitive.<\/p>\n\n\n\n<ul class=\"wp-block-list\">\n<li>Investissement massif dans les <strong>\u00e9nergies renouvelables, le nucl\u00e9aire de nouvelle g\u00e9n\u00e9ration et l\u2019hydrog\u00e8ne<\/strong>.<\/li>\n\n\n\n<li>Soutien \u00e0 l\u2019<strong>innovation technologique<\/strong> et \u00e0 la <strong>formation continue<\/strong>.<\/li>\n\n\n\n<li>\u00c9conomie circulaire et valorisation des savoir-faire belges.<\/li>\n<\/ul>\n\n\n\n<p class=\"wp-block-paragraph\">Un environnementalisme prosp\u00e8re: une \u00e9cosophie de la <strong>prosp\u00e9rit\u00e9<\/strong>, non de la d\u00e9croissance.<\/p>\n\n\n\n<hr class=\"wp-block-separator has-alpha-channel-opacity\"\/>\n\n\n\n<h6 class=\"wp-block-heading\">5. Une <strong>justice sociale efficace et responsabilisante<\/strong><\/h6>\n\n\n\n<p class=\"wp-block-paragraph\">La solidarit\u00e9 doit \u00eatre <strong>juste, cibl\u00e9e et incitative<\/strong>.<\/p>\n\n\n\n<ul class=\"wp-block-list\">\n<li>Simplification et num\u00e9risation des aides sociales pour r\u00e9duire la fraude et l\u2019inefficacit\u00e9.<\/li>\n\n\n\n<li>Valorisation du travail plut\u00f4t que l\u2019assistanat.<\/li>\n\n\n\n<li>Investissement dans l\u2019\u00e9ducation, la formation et la mobilit\u00e9 sociale.<\/li>\n<\/ul>\n\n\n\n<p class=\"wp-block-paragraph\">La dignit\u00e9 par le travail, la solidarit\u00e9 par l\u2019\u00e9quit\u00e9.<\/p>\n\n\n\n<hr class=\"wp-block-separator has-alpha-channel-opacity\"\/>\n\n\n\n<h6 class=\"wp-block-heading\">En r\u00e9sum\u00e9<\/h6>\n\n\n\n<p class=\"wp-block-paragraph\">Le <mark style=\"background-color:rgba(0, 0, 0, 0);color:#ff6900\" class=\"has-inline-color\">MDM<\/mark> incarne une <strong>troisi\u00e8me voie \u00e9conomique belge<\/strong> fond\u00e9e sur :<\/p>\n\n\n\n<p class=\"wp-block-paragraph\"><strong>la libert\u00e9 d\u2019entreprendre, la responsabilit\u00e9 collective et la souverainet\u00e9 \u00e9conomique.<\/strong><\/p>\n\n\n\n<p class=\"wp-block-paragraph\">C\u2019est une <strong>\u00e9conomie de la raison et du progr\u00e8s<\/strong>, qui refuse les extr\u00eames :<\/p>\n\n\n\n<ul class=\"wp-block-list\">\n<li>Ni l\u2019\u00e9conomie de march\u00e9 sans conscience,<\/li>\n\n\n\n<li>Ni l\u2019\u00e9conomie planifi\u00e9e sans efficacit\u00e9,<br>mais une <strong>\u00e9conomie humaniste, dirig\u00e9e par la vision et non par l\u2019id\u00e9ologie<\/strong>.<\/li>\n<\/ul>\n","protected":false},"excerpt":{"rendered":"<p>Le Mouvement Droite Moderniste (MDM) incarne une troisi\u00e8me voie \u00e9conomique en Belgique en se positionnant au-del\u00e0 de l\u2019opposition classique entre lib\u00e9ralisme pur et \u00e9tatisme socialiste. Il propose un mod\u00e8le \u00e9quilibr\u00e9, pragmatique et souverain, adapt\u00e9 aux r\u00e9alit\u00e9s belges et europ\u00e9ennes du XXI\u1d49 si\u00e8cle. Voici les fondements de cette \u00ab troisi\u00e8me voie \u00bb \u00e9conomique moderniste : 1. [&hellip;]<\/p>\n","protected":false},"author":1,"featured_media":0,"comment_status":"open","ping_status":"open","sticky":false,"template":"","format":"standard","meta":{"_monsterinsights_skip_tracking":false,"_uf_show_specific_survey":0,"_uf_disable_surveys":false,"footnotes":""},"categories":[31],"tags":[],"class_list":["post-1848","post","type-post","status-publish","format-standard","hentry","category-economie"],"_links":{"self":[{"href":"https:\/\/droitemoderniste.be\/index.php\/wp-json\/wp\/v2\/posts\/1848","targetHints":{"allow":["GET"]}}],"collection":[{"href":"https:\/\/droitemoderniste.be\/index.php\/wp-json\/wp\/v2\/posts"}],"about":[{"href":"https:\/\/droitemoderniste.be\/index.php\/wp-json\/wp\/v2\/types\/post"}],"author":[{"embeddable":true,"href":"https:\/\/droitemoderniste.be\/index.php\/wp-json\/wp\/v2\/users\/1"}],"replies":[{"embeddable":true,"href":"https:\/\/droitemoderniste.be\/index.php\/wp-json\/wp\/v2\/comments?post=1848"}],"version-history":[{"count":1,"href":"https:\/\/droitemoderniste.be\/index.php\/wp-json\/wp\/v2\/posts\/1848\/revisions"}],"predecessor-version":[{"id":1850,"href":"https:\/\/droitemoderniste.be\/index.php\/wp-json\/wp\/v2\/posts\/1848\/revisions\/1850"}],"wp:attachment":[{"href":"https:\/\/droitemoderniste.be\/index.php\/wp-json\/wp\/v2\/media?parent=1848"}],"wp:term":[{"taxonomy":"category","embeddable":true,"href":"https:\/\/droitemoderniste.be\/index.php\/wp-json\/wp\/v2\/categories?post=1848"},{"taxonomy":"post_tag","embeddable":true,"href":"https:\/\/droitemoderniste.be\/index.php\/wp-json\/wp\/v2\/tags?post=1848"}],"curies":[{"name":"wp","href":"https:\/\/api.w.org\/{rel}","templated":true}]}}