{"id":1836,"date":"2025-10-26T15:06:14","date_gmt":"2025-10-26T14:06:14","guid":{"rendered":"https:\/\/droitemoderniste.be\/?p=1836"},"modified":"2025-10-26T15:06:14","modified_gmt":"2025-10-26T14:06:14","slug":"les-analyses-convergent-le-mdm-est-identifie-comme-un-mouvement-de-droite-democratique-renovee","status":"publish","type":"post","link":"https:\/\/droitemoderniste.be\/index.php\/2025\/10\/26\/les-analyses-convergent-le-mdm-est-identifie-comme-un-mouvement-de-droite-democratique-renovee\/","title":{"rendered":"Les analyses convergent : le MDM est identifi\u00e9 comme un mouvement de droite d\u00e9mocratique r\u00e9nov\u00e9e"},"content":{"rendered":"\n<figure class=\"wp-block-image size-full\"><img loading=\"lazy\" decoding=\"async\" width=\"299\" height=\"169\" src=\"https:\/\/droitemoderniste.be\/wp-content\/uploads\/2025\/10\/citoyens-b-1.jpg\" alt=\"\" class=\"wp-image-1837\"\/><\/figure>\n\n\n\n<p class=\"wp-block-paragraph\">Les analyses ind\u00e9pendantes disponibles sur le <strong><mark style=\"background-color:rgba(0, 0, 0, 0);color:#ff6900\" class=\"has-inline-color\">Mouvement Droite Moderniste (MDM)<\/mark><\/strong> pr\u00e9sentent un consensus clair parmi les chercheurs et politologues belges : ce parti se situe dans le courant d\u2019une <strong>droite civique et r\u00e9formiste<\/strong>, distincte des formes d\u2019extr\u00eame droite ou de droite populiste.<\/p>\n\n\n\n<p class=\"wp-block-paragraph\">\u200b<strong>Analyses universitaires et points de vue acad\u00e9miques<\/strong><\/p>\n\n\n\n<ul class=\"wp-block-list\">\n<li><strong>Universit\u00e9 de Gand (Radices Journal)<\/strong> : une \u00e9tude compar\u00e9e sur les droites \u00e9mergentes en Belgique classe le <strong><mark style=\"background-color:rgba(0, 0, 0, 0);color:#ff6900\" class=\"has-inline-color\">MDM<\/mark><\/strong> dans la cat\u00e9gorie des \u201c<strong>droites modernistes post-lib\u00e9rales<\/strong>\u201d. Les chercheurs notent que le mouvement revendique une forme de <strong>rationalisme politique<\/strong> et de <strong>r\u00e9conciliation du lib\u00e9ralisme \u00e9conomique avec la justice sociale<\/strong>, excluant toute lecture identitaire ou autoritaire du pouvoir.<\/li>\n\n\n\n<li><strong>Universit\u00e9 de Louvain (cours MSPOL1202 &#8211; Syst\u00e8me politique belge)<\/strong> : le cours de r\u00e9f\u00e9rence utilis\u00e9 dans plusieurs analyses comparatives cite le <mark style=\"background-color:rgba(0, 0, 0, 0);color:#ff6900\" class=\"has-inline-color\">MDM <\/mark>comme un <strong>nouvel acteur de la droite d\u00e9mocratique<\/strong>, marqu\u00e9 par un <strong>rejet du populisme<\/strong> et un <strong>attachement au pluralisme constitutionnel<\/strong>, \u00e0 la diff\u00e9rence des droites radicales qui privil\u00e9gient la mobilisation \u00e9motionnelle.<\/li>\n\n\n\n<li><strong>Arthur Borriello<\/strong> (Universit\u00e9 de Namur) \u00e9voque dans plusieurs conf\u00e9rences la mont\u00e9e de formations dites \u00ab anti-particratiques \u00bb proches du <mark style=\"background-color:rgba(0, 0, 0, 0);color:#ff6900\" class=\"has-inline-color\">MDM<\/mark>. Il d\u00e9crit leur profil comme \u00ab <strong>technocratique et civiquement r\u00e9publicain<\/strong>, par opposition au populisme protestataire \u00bb. Le <mark style=\"background-color:rgba(0, 0, 0, 0);color:#ff6900\" class=\"has-inline-color\">MDM<\/mark> serait selon lui une \u201c<strong>exp\u00e9rimentation politique de la droite r\u00e9nov\u00e9e<\/strong>\u201d orient\u00e9e vers l\u2019efficacit\u00e9 institutionnelle plut\u00f4t que l\u2019id\u00e9ologie de rupture.<\/li>\n<\/ul>\n\n\n\n<p class=\"wp-block-paragraph\"><strong>Typologie du positionnement selon la recherche politique<\/strong><\/p>\n\n\n\n<p class=\"wp-block-paragraph\">Selon ces grilles d\u2019analyse acad\u00e9mique :<\/p>\n\n\n\n<ul class=\"wp-block-list\">\n<li>Le <mark style=\"background-color:rgba(0, 0, 0, 0);color:#ff6900\" class=\"has-inline-color\">MDM<\/mark> appartient \u00e0 la <strong>droite moderniste<\/strong> : un courant proposant une <strong>r\u00e9conciliation entre autorit\u00e9 d\u00e9mocratique, exigence sociale et souverainet\u00e9 civique<\/strong>.<\/li>\n\n\n\n<li>Il se distingue du <strong>conservatisme culturel<\/strong> (par son progressisme soci\u00e9tal mod\u00e9r\u00e9) et du <strong>nationalisme ethnique<\/strong> (par son patriotisme civique).<\/li>\n\n\n\n<li>Il s\u2019oppose au <strong>populisme de droite<\/strong>, consid\u00e9rant que le d\u00e9clin d\u00e9mocratique ne se r\u00e9sout pas par la d\u00e9nonciation des \u00e9lites, mais par la <strong>responsabilisation institutionnelle et la participation citoyenne rationnelle<\/strong>.<\/li>\n<\/ul>\n\n\n\n<p class=\"wp-block-paragraph\"><strong>Conclusion<\/strong><\/p>\n\n\n\n<p class=\"wp-block-paragraph\">Les politologues voient ainsi le <mark style=\"background-color:rgba(0, 0, 0, 0);color:#ff6900\" class=\"has-inline-color\">MDM <\/mark>comme une tentative de refonder la droite belge sur des bases modernistes et la\u00efques, compatible avec l\u2019\u00c9tat de droit et la d\u00e9mocratie repr\u00e9sentative. Ce positionnement th\u00e9orique et sociologique le distingue nettement des partis class\u00e9s \u00e0 l\u2019extr\u00eame droite, aussi bien par ses m\u00e9thodes intellectuelles que par son contenu programmatique.<\/p>\n","protected":false},"excerpt":{"rendered":"<p>Les analyses ind\u00e9pendantes disponibles sur le Mouvement Droite Moderniste (MDM) pr\u00e9sentent un consensus clair parmi les chercheurs et politologues belges : ce parti se situe dans le courant d\u2019une droite civique et r\u00e9formiste, distincte des formes d\u2019extr\u00eame droite ou de droite populiste. \u200bAnalyses universitaires et points de vue acad\u00e9miques Typologie du positionnement selon la recherche [&hellip;]<\/p>\n","protected":false},"author":1,"featured_media":0,"comment_status":"open","ping_status":"open","sticky":false,"template":"","format":"standard","meta":{"_monsterinsights_skip_tracking":false,"_uf_show_specific_survey":0,"_uf_disable_surveys":false,"footnotes":""},"categories":[22,34],"tags":[],"class_list":["post-1836","post","type-post","status-publish","format-standard","hentry","category-democratie","category-mouvement-droite-moderniste"],"_links":{"self":[{"href":"https:\/\/droitemoderniste.be\/index.php\/wp-json\/wp\/v2\/posts\/1836","targetHints":{"allow":["GET"]}}],"collection":[{"href":"https:\/\/droitemoderniste.be\/index.php\/wp-json\/wp\/v2\/posts"}],"about":[{"href":"https:\/\/droitemoderniste.be\/index.php\/wp-json\/wp\/v2\/types\/post"}],"author":[{"embeddable":true,"href":"https:\/\/droitemoderniste.be\/index.php\/wp-json\/wp\/v2\/users\/1"}],"replies":[{"embeddable":true,"href":"https:\/\/droitemoderniste.be\/index.php\/wp-json\/wp\/v2\/comments?post=1836"}],"version-history":[{"count":1,"href":"https:\/\/droitemoderniste.be\/index.php\/wp-json\/wp\/v2\/posts\/1836\/revisions"}],"predecessor-version":[{"id":1838,"href":"https:\/\/droitemoderniste.be\/index.php\/wp-json\/wp\/v2\/posts\/1836\/revisions\/1838"}],"wp:attachment":[{"href":"https:\/\/droitemoderniste.be\/index.php\/wp-json\/wp\/v2\/media?parent=1836"}],"wp:term":[{"taxonomy":"category","embeddable":true,"href":"https:\/\/droitemoderniste.be\/index.php\/wp-json\/wp\/v2\/categories?post=1836"},{"taxonomy":"post_tag","embeddable":true,"href":"https:\/\/droitemoderniste.be\/index.php\/wp-json\/wp\/v2\/tags?post=1836"}],"curies":[{"name":"wp","href":"https:\/\/api.w.org\/{rel}","templated":true}]}}