{"id":1804,"date":"2025-10-26T08:47:15","date_gmt":"2025-10-26T07:47:15","guid":{"rendered":"https:\/\/droitemoderniste.be\/?p=1804"},"modified":"2025-10-26T08:47:15","modified_gmt":"2025-10-26T07:47:15","slug":"la-singularite-du-mdm","status":"publish","type":"post","link":"https:\/\/droitemoderniste.be\/index.php\/2025\/10\/26\/la-singularite-du-mdm\/","title":{"rendered":"La singularit\u00e9 du MDM"},"content":{"rendered":"\n<figure class=\"wp-block-image size-full\"><img loading=\"lazy\" decoding=\"async\" width=\"839\" height=\"420\" src=\"https:\/\/droitemoderniste.be\/wp-content\/uploads\/2025\/10\/10-things-you-need-to-know-in-markets-today.jpg\" alt=\"\" class=\"wp-image-1806\" srcset=\"https:\/\/droitemoderniste.be\/wp-content\/uploads\/2025\/10\/10-things-you-need-to-know-in-markets-today.jpg 839w, https:\/\/droitemoderniste.be\/wp-content\/uploads\/2025\/10\/10-things-you-need-to-know-in-markets-today-300x150.jpg 300w, https:\/\/droitemoderniste.be\/wp-content\/uploads\/2025\/10\/10-things-you-need-to-know-in-markets-today-768x384.jpg 768w\" sizes=\"auto, (max-width: 839px) 100vw, 839px\" \/><\/figure>\n\n\n\n<p class=\"wp-block-paragraph\"><strong>La singularit\u00e9 du MDM<\/strong><\/p>\n\n\n\n<p class=\"wp-block-paragraph\">Le <mark style=\"background-color:rgba(0, 0, 0, 0);color:#ff6900\" class=\"has-inline-color\">Mouvement Droite Moderniste (MDM) <\/mark>incarne une <strong>droite nouvelle et audacieuse<\/strong>, capable de combiner des valeurs rarement r\u00e9unies en un projet coh\u00e9rent pour la Belgique d\u2019aujourd\u2019hui. <\/p>\n\n\n\n<p class=\"wp-block-paragraph\">Nous croyons que <strong>libert\u00e9 individuelle, justice sociale et responsabilit\u00e9 nationale<\/strong> peuvent coexister harmonieusement, et que tradition et modernit\u00e9 ne sont pas incompatibles.<\/p>\n\n\n\n<p class=\"wp-block-paragraph\">Notre approche repose sur <strong>treize piliers compl\u00e9mentaires<\/strong> : le <strong>social-lib\u00e9ralisme<\/strong> garantit la libert\u00e9 et l\u2019initiative ; le <strong>spiritualisme la\u00efc<\/strong> et le <strong>sybaritisme \u00e9thique<\/strong> valorisent le respect de chacun et le bien-\u00eatre individuel ; le <strong>patriotisme civique<\/strong> et le <strong>souverainisme \u00e9clair\u00e9<\/strong> assurent que notre pays reste ma\u00eetre de ses choix ; le <strong>d\u00e9simmigrationnisme rationnel<\/strong> combine contr\u00f4le r\u00e9fl\u00e9chi et humanisme ; le <strong>justicialisme<\/strong> et l\u2019<strong>\u00c9tat-providence pr\u00e9serv\u00e9<\/strong> prot\u00e8gent les plus fragiles. <\/p>\n\n\n\n<p class=\"wp-block-paragraph\">\u00c0 cela s\u2019ajoutent le <strong>dirigisme mod\u00e9r\u00e9<\/strong>, le <strong>protectionnisme raisonn\u00e9<\/strong>, l\u2019<strong>environnementalisme optimiste<\/strong> et l\u2019<strong>animalisme<\/strong>, qui placent le pragmatisme, la durabilit\u00e9 et la responsabilit\u00e9 au c\u0153ur de l\u2019action publique. <\/p>\n\n\n\n<p class=\"wp-block-paragraph\">Enfin, le <strong>personnalisme \u00e9clair\u00e9<\/strong> garantit que chaque d\u00e9cision politique prend en compte la dignit\u00e9 et la libert\u00e9 des individus.<\/p>\n\n\n\n<p class=\"wp-block-paragraph\">Le <mark style=\"background-color:rgba(0, 0, 0, 0);color:#ff6900\" class=\"has-inline-color\">MDM<\/mark> propose ainsi une synth\u00e8se in\u00e9dite : <strong>une droite enracin\u00e9e dans ses valeurs, ouverte aux progr\u00e8s sociaux et environnementaux, guid\u00e9e par la raison et le respect de chacun<\/strong>. <\/p>\n\n\n\n<p class=\"wp-block-paragraph\">Nous voulons une Belgique o\u00f9 chacun peut vivre librement, prot\u00e9g\u00e9e par un \u00c9tat juste et souverain, tourn\u00e9 vers le futur sans renier ses racines.<\/p>\n","protected":false},"excerpt":{"rendered":"<p>La singularit\u00e9 du MDM Le Mouvement Droite Moderniste (MDM) incarne une droite nouvelle et audacieuse, capable de combiner des valeurs rarement r\u00e9unies en un projet coh\u00e9rent pour la Belgique d\u2019aujourd\u2019hui. Nous croyons que libert\u00e9 individuelle, justice sociale et responsabilit\u00e9 nationale peuvent coexister harmonieusement, et que tradition et modernit\u00e9 ne sont pas incompatibles. Notre approche repose [&hellip;]<\/p>\n","protected":false},"author":1,"featured_media":0,"comment_status":"open","ping_status":"open","sticky":false,"template":"","format":"standard","meta":{"_monsterinsights_skip_tracking":false,"_uf_show_specific_survey":0,"_uf_disable_surveys":false,"footnotes":""},"categories":[34],"tags":[],"class_list":["post-1804","post","type-post","status-publish","format-standard","hentry","category-mouvement-droite-moderniste"],"_links":{"self":[{"href":"https:\/\/droitemoderniste.be\/index.php\/wp-json\/wp\/v2\/posts\/1804","targetHints":{"allow":["GET"]}}],"collection":[{"href":"https:\/\/droitemoderniste.be\/index.php\/wp-json\/wp\/v2\/posts"}],"about":[{"href":"https:\/\/droitemoderniste.be\/index.php\/wp-json\/wp\/v2\/types\/post"}],"author":[{"embeddable":true,"href":"https:\/\/droitemoderniste.be\/index.php\/wp-json\/wp\/v2\/users\/1"}],"replies":[{"embeddable":true,"href":"https:\/\/droitemoderniste.be\/index.php\/wp-json\/wp\/v2\/comments?post=1804"}],"version-history":[{"count":1,"href":"https:\/\/droitemoderniste.be\/index.php\/wp-json\/wp\/v2\/posts\/1804\/revisions"}],"predecessor-version":[{"id":1807,"href":"https:\/\/droitemoderniste.be\/index.php\/wp-json\/wp\/v2\/posts\/1804\/revisions\/1807"}],"wp:attachment":[{"href":"https:\/\/droitemoderniste.be\/index.php\/wp-json\/wp\/v2\/media?parent=1804"}],"wp:term":[{"taxonomy":"category","embeddable":true,"href":"https:\/\/droitemoderniste.be\/index.php\/wp-json\/wp\/v2\/categories?post=1804"},{"taxonomy":"post_tag","embeddable":true,"href":"https:\/\/droitemoderniste.be\/index.php\/wp-json\/wp\/v2\/tags?post=1804"}],"curies":[{"name":"wp","href":"https:\/\/api.w.org\/{rel}","templated":true}]}}