{"id":1796,"date":"2025-10-25T11:24:59","date_gmt":"2025-10-25T09:24:59","guid":{"rendered":"https:\/\/droitemoderniste.be\/?p=1796"},"modified":"2025-10-25T11:24:59","modified_gmt":"2025-10-25T09:24:59","slug":"bien-distinguer-le-mdm-de-toute-confusion-avec-les-courants-populistes-ou-reactionnaires","status":"publish","type":"post","link":"https:\/\/droitemoderniste.be\/index.php\/2025\/10\/25\/bien-distinguer-le-mdm-de-toute-confusion-avec-les-courants-populistes-ou-reactionnaires\/","title":{"rendered":"Bien distinguer le MDM de toute confusion avec les courants populistes ou r\u00e9actionnaires"},"content":{"rendered":"\n<figure class=\"wp-block-image size-full\"><img loading=\"lazy\" decoding=\"async\" width=\"700\" height=\"350\" src=\"https:\/\/droitemoderniste.be\/wp-content\/uploads\/2025\/10\/20191030160018-GettyImages-173063457.jpeg\" alt=\"\" class=\"wp-image-1797\" srcset=\"https:\/\/droitemoderniste.be\/wp-content\/uploads\/2025\/10\/20191030160018-GettyImages-173063457.jpeg 700w, https:\/\/droitemoderniste.be\/wp-content\/uploads\/2025\/10\/20191030160018-GettyImages-173063457-300x150.jpeg 300w\" sizes=\"auto, (max-width: 700px) 100vw, 700px\" \/><\/figure>\n\n\n\n<p class=\"wp-block-paragraph\">L&rsquo;extr\u00eame-droite est g\u00e9n\u00e9ralement per\u00e7ue comme fondamentalement anti-moderniste, car elle rejette les principes de l&rsquo;\u00e9galitarisme, du pluralisme culturel et du lib\u00e9ralisme politique, qui sont au c\u0153ur de la modernit\u00e9 d\u00e9mocratique.<\/p>\n\n\n\n<p class=\"wp-block-paragraph\">En revanche, des mouvements comme le <mark style=\"background-color:rgba(0, 0, 0, 0);color:#ff6900\" class=\"has-inline-color\">Mouvement Droite Moderniste (MDM)<\/mark> en Belgique affirment incarner une droite moderne, enracin\u00e9e dans des valeurs traditionnelles tout en adoptant des positions sociales et \u00e9cologiques innovantes, ce qui les distingue clairement de l&rsquo;extr\u00eame-droite.<\/p>\n\n\n\n<p class=\"wp-block-paragraph\">\u200b<\/p>\n\n\n\n<p class=\"wp-block-paragraph\"><strong>Vision du monde de l&rsquo;extr\u00eame droite<\/strong><\/p>\n\n\n\n<p class=\"wp-block-paragraph\">L&rsquo;extr\u00eame droite repose sur une vision organiciste de la soci\u00e9t\u00e9, con\u00e7ue comme un organisme vivant homog\u00e8ne, ferm\u00e9 et hi\u00e9rarchis\u00e9, qui rejette l&rsquo;universalisme au profit d&rsquo;une identit\u00e9 collective exclusive. Cette vision s&rsquo;oppose \u00e0 la modernit\u00e9 en raison de son rejet des valeurs d\u00e9mocratiques lib\u00e9rales, de son in\u00e9galitarisme foncier et de son id\u00e9alisation d&rsquo;un pass\u00e9 mythifi\u00e9, souvent associ\u00e9 \u00e0 un \u00e2ge d&rsquo;or national ou ethnique. Selon Cas Mudde (politologue n\u00e9erlandais), l&rsquo;extr\u00eame droite combine exclusivisme, traits antid\u00e9mocratiques, d\u00e9ploration de la perte des cadres traditionnels et un programme socio-\u00e9conomique h\u00e9t\u00e9roclite, parfois corporatiste ou agrarien. Cette id\u00e9ologie est donc intrins\u00e8quement r\u00e9actionnaire, cherchant \u00e0 inverser les effets de la modernisation plut\u00f4t qu&rsquo;\u00e0 les accompagner.<\/p>\n\n\n\n<p class=\"wp-block-paragraph\">\u200b<\/p>\n\n\n\n<p class=\"wp-block-paragraph\"><strong>Modernisme politique et droite innovante<\/strong><\/p>\n\n\n\n<p class=\"wp-block-paragraph\">Le concept de \u00ab droite moderniste \u00bb, tel que promu par le <mark style=\"background-color:rgba(0, 0, 0, 0);color:#ff6900\" class=\"has-inline-color\">MDM<\/mark>, se distingue radicalement de l&rsquo;extr\u00eame droite en pr\u00f4nant une modernit\u00e9 enracin\u00e9e, qui conjugue innovation et responsabilit\u00e9, libert\u00e9 et identit\u00e9, sans tomber dans l&rsquo;immobilisme conservateur ou le nationalisme identitaire. Le <mark style=\"background-color:rgba(0, 0, 0, 0);color:#ff6900\" class=\"has-inline-color\">MDM<\/mark> se positionne comme une alternative cr\u00e9dible \u00e0 la droite lib\u00e9rale, conservatrice ou nationaliste, en d\u00e9fendant un \u00c9tat-providence fort, la justice sociale et fiscale, ainsi qu&rsquo;une \u00e9cologie empirique et populaire, qu\u2019il nomme \u00ab \u00e9cosophie \u00bb. Ce projet politique refuse \u00e0 la fois le rejet de la diversit\u00e9 et l&rsquo;autoritarisme caract\u00e9ristiques de l&rsquo;extr\u00eame droite, tout en critiquant les \u00e9lites politiques et les d\u00e9rives du multiculturalisme.<\/p>\n\n\n\n<p class=\"wp-block-paragraph\">\u200b<\/p>\n\n\n\n<p class=\"wp-block-paragraph\"><strong>Distinction id\u00e9ologique claire<\/strong><\/p>\n\n\n\n<p class=\"wp-block-paragraph\">La diff\u00e9rence fondamentale r\u00e9side dans la relation \u00e0 la d\u00e9mocratie et \u00e0 la pluralit\u00e9. Alors que l&rsquo;extr\u00eame droite instrumentalise la d\u00e9mocratie pour promouvoir une vision populiste, nationaliste et identitaire de la souverainet\u00e9 populaire, souvent en opposition aux institutions supranationales et aux droits des minorit\u00e9s, le <mark style=\"background-color:rgba(0, 0, 0, 0);color:#ff6900\" class=\"has-inline-color\">MDM <\/mark>affirme son attachement aux principes civils belges, au pluralisme culturel et religieux, et \u00e0 une d\u00e9mocratie consensuelle qui d\u00e9passe la \u00ab particratie \u00bb end\u00e9mique.<\/p>\n\n\n\n<p class=\"wp-block-paragraph\">Le <mark style=\"background-color:rgba(0, 0, 0, 0);color:#ff6900\" class=\"has-inline-color\">MDM<\/mark> rejette explicitement le racisme, la x\u00e9nophobie et l&rsquo;antis\u00e9mitisme, et se distingue des partis d&rsquo;extr\u00eame droite comme Vlaams Belang ou Chez Nous par ses positions sociales progressistes et son refus de l&rsquo;immobilisme. <\/p>\n\n\n\n<p class=\"wp-block-paragraph\">Ainsi, la droite moderniste ne se contente pas de moderniser l&rsquo;image de la droite : elle propose une refondation id\u00e9ologique qui s&rsquo;inscrit dans la modernit\u00e9 d\u00e9mocratique, contrairement \u00e0 l&rsquo;extr\u00eame droite, qui en constitue une n\u00e9gation.<\/p>\n\n\n\n<p class=\"wp-block-paragraph\"><\/p>\n","protected":false},"excerpt":{"rendered":"<p>L&rsquo;extr\u00eame-droite est g\u00e9n\u00e9ralement per\u00e7ue comme fondamentalement anti-moderniste, car elle rejette les principes de l&rsquo;\u00e9galitarisme, du pluralisme culturel et du lib\u00e9ralisme politique, qui sont au c\u0153ur de la modernit\u00e9 d\u00e9mocratique. En revanche, des mouvements comme le Mouvement Droite Moderniste (MDM) en Belgique affirment incarner une droite moderne, enracin\u00e9e dans des valeurs traditionnelles tout en adoptant des [&hellip;]<\/p>\n","protected":false},"author":1,"featured_media":0,"comment_status":"open","ping_status":"open","sticky":false,"template":"","format":"standard","meta":{"_monsterinsights_skip_tracking":false,"_uf_show_specific_survey":0,"_uf_disable_surveys":false,"footnotes":""},"categories":[18],"tags":[],"class_list":["post-1796","post","type-post","status-publish","format-standard","hentry","category-droite"],"_links":{"self":[{"href":"https:\/\/droitemoderniste.be\/index.php\/wp-json\/wp\/v2\/posts\/1796","targetHints":{"allow":["GET"]}}],"collection":[{"href":"https:\/\/droitemoderniste.be\/index.php\/wp-json\/wp\/v2\/posts"}],"about":[{"href":"https:\/\/droitemoderniste.be\/index.php\/wp-json\/wp\/v2\/types\/post"}],"author":[{"embeddable":true,"href":"https:\/\/droitemoderniste.be\/index.php\/wp-json\/wp\/v2\/users\/1"}],"replies":[{"embeddable":true,"href":"https:\/\/droitemoderniste.be\/index.php\/wp-json\/wp\/v2\/comments?post=1796"}],"version-history":[{"count":1,"href":"https:\/\/droitemoderniste.be\/index.php\/wp-json\/wp\/v2\/posts\/1796\/revisions"}],"predecessor-version":[{"id":1798,"href":"https:\/\/droitemoderniste.be\/index.php\/wp-json\/wp\/v2\/posts\/1796\/revisions\/1798"}],"wp:attachment":[{"href":"https:\/\/droitemoderniste.be\/index.php\/wp-json\/wp\/v2\/media?parent=1796"}],"wp:term":[{"taxonomy":"category","embeddable":true,"href":"https:\/\/droitemoderniste.be\/index.php\/wp-json\/wp\/v2\/categories?post=1796"},{"taxonomy":"post_tag","embeddable":true,"href":"https:\/\/droitemoderniste.be\/index.php\/wp-json\/wp\/v2\/tags?post=1796"}],"curies":[{"name":"wp","href":"https:\/\/api.w.org\/{rel}","templated":true}]}}