{"id":1793,"date":"2025-10-24T11:31:38","date_gmt":"2025-10-24T09:31:38","guid":{"rendered":"https:\/\/droitemoderniste.be\/?p=1793"},"modified":"2025-10-24T11:31:38","modified_gmt":"2025-10-24T09:31:38","slug":"les-elements-reellement-novateurs-de-notre-programme-economique","status":"publish","type":"post","link":"https:\/\/droitemoderniste.be\/index.php\/2025\/10\/24\/les-elements-reellement-novateurs-de-notre-programme-economique\/","title":{"rendered":"Les \u00e9l\u00e9ments r\u00e9ellement novateurs de notre programme \u00e9conomique"},"content":{"rendered":"\n<figure class=\"wp-block-image size-full\"><img loading=\"lazy\" decoding=\"async\" width=\"700\" height=\"390\" src=\"https:\/\/droitemoderniste.be\/wp-content\/uploads\/2025\/10\/time-to-market.jpeg\" alt=\"\" class=\"wp-image-1794\" srcset=\"https:\/\/droitemoderniste.be\/wp-content\/uploads\/2025\/10\/time-to-market.jpeg 700w, https:\/\/droitemoderniste.be\/wp-content\/uploads\/2025\/10\/time-to-market-300x167.jpeg 300w\" sizes=\"auto, (max-width: 700px) 100vw, 700px\" \/><\/figure>\n\n\n\n<p class=\"wp-block-paragraph\">Les \u00e9l\u00e9ments r\u00e9ellement novateurs du programme du <mark style=\"background-color:rgba(0, 0, 0, 0);color:#ff6900\" class=\"has-inline-color\">Mouvement Droite Moderniste (MDM)<\/mark> reposent sur plusieurs aspects qui introduisent une rupture claire avec les approches traditionnelles en Belgique :<\/p>\n\n\n\n<ul class=\"wp-block-list\">\n<li><strong>\u00c9valuation empirique syst\u00e9matique des politiques publiques<\/strong> : Le <mark style=\"background-color:rgba(0, 0, 0, 0);color:#ff6900\" class=\"has-inline-color\">MDM <\/mark>propose de mesurer continuellement la performance sociale, \u00e9conomique et territoriale de chaque mesure publique \u00e0 l\u2019aide d\u2019indicateurs concrets, ce qui transcende le traditionnel d\u00e9bat id\u00e9ologique pour le fonder sur des r\u00e9sultats tangibles. Cette approche <em>evidence-based <\/em>est peu pratiqu\u00e9e en Belgique et d\u00e9montre une volont\u00e9 de rationaliser la politique \u00e9conomique.<\/li>\n\n\n\n<li><strong>\u00c9cosophie \u00e9conomique productive<\/strong> : Contrairement aux discours \u00e9cologistes classiques, le <mark style=\"background-color:rgba(0, 0, 0, 0);color:#ff6900\" class=\"has-inline-color\">MDM<\/mark> d\u00e9fend une \u00e9cologie tourn\u00e9e vers la production locale et industrielle, sans taxes punitives mais avec un accompagnement accru des transitions \u00e9nerg\u00e9tiques et num\u00e9riques. C\u2019est une vision d\u2019\u00e9cologie \u00ab joyeuse et souverainiste \u00bb, in\u00e9dite dans le d\u00e9bat public belge.<\/li>\n\n\n\n<li><strong>Fiscalit\u00e9 de responsabilisation<\/strong> : Le programme introduit un mod\u00e8le qui valorise les comportements vertueux (emploi, investissement local, mentorat) par des incitations fiscales positives plut\u00f4t que par des sanctions ou une simple redistribution. Cette approche responsabilisante, gradu\u00e9e et pragmatique, se d\u00e9marque nettement des syst\u00e8mes existants.<\/li>\n\n\n\n<li><strong>Soutien \u00e0 l\u2019\u00e9conomie enracin\u00e9e<\/strong> : Le <mark style=\"background-color:rgba(0, 0, 0, 0);color:#ff6900\" class=\"has-inline-color\">MDM<\/mark> promeut une \u00e9conomie territorialis\u00e9e, qui encourage le rapatriement industriel et la gouvernance citoyenne des fonds d\u2019investissement r\u00e9gionaux. Il s\u2019agit d\u2019un mod\u00e8le d\u2019\u00e9conomie locale, souveraine et sobre en ressources, peu mis en avant par les autres partis.<\/li>\n\n\n\n<li><strong>Pluralit\u00e9 dans la gouvernance \u00e9conomique<\/strong> : Inclusion formelle des acteurs vari\u00e9s (chercheurs, entrepreneurs, citoyens) dans les conseils strat\u00e9giques \u00e9conomiques, en rupture avec la technocratie et la domination des \u00e9lites partisanes traditionnelles.<\/li>\n<\/ul>\n\n\n\n<p class=\"wp-block-paragraph\">En r\u00e9sum\u00e9, le <mark style=\"background-color:rgba(0, 0, 0, 0);color:#ff6900\" class=\"has-inline-color\">MDM<\/mark> innove par son pragmatisme mesur\u00e9, son humanisme civique et sa r\u00e9invention souveraine de l\u2019\u00e9conomie locale. Cette approche int\u00e9gr\u00e9e d\u2019une \u00e9conomie efficiente, environnementalement raisonn\u00e9e et d\u00e9mocratiquement gouvern\u00e9e est une nouveaut\u00e9 dans le spectre politique belge.<\/p>\n\n\n\n<p class=\"wp-block-paragraph\"><\/p>\n","protected":false},"excerpt":{"rendered":"<p>Les \u00e9l\u00e9ments r\u00e9ellement novateurs du programme du Mouvement Droite Moderniste (MDM) reposent sur plusieurs aspects qui introduisent une rupture claire avec les approches traditionnelles en Belgique : En r\u00e9sum\u00e9, le MDM innove par son pragmatisme mesur\u00e9, son humanisme civique et sa r\u00e9invention souveraine de l\u2019\u00e9conomie locale. Cette approche int\u00e9gr\u00e9e d\u2019une \u00e9conomie efficiente, environnementalement raisonn\u00e9e et [&hellip;]<\/p>\n","protected":false},"author":1,"featured_media":0,"comment_status":"open","ping_status":"open","sticky":false,"template":"","format":"standard","meta":{"_monsterinsights_skip_tracking":false,"_uf_show_specific_survey":0,"_uf_disable_surveys":false,"footnotes":""},"categories":[31],"tags":[],"class_list":["post-1793","post","type-post","status-publish","format-standard","hentry","category-economie"],"_links":{"self":[{"href":"https:\/\/droitemoderniste.be\/index.php\/wp-json\/wp\/v2\/posts\/1793","targetHints":{"allow":["GET"]}}],"collection":[{"href":"https:\/\/droitemoderniste.be\/index.php\/wp-json\/wp\/v2\/posts"}],"about":[{"href":"https:\/\/droitemoderniste.be\/index.php\/wp-json\/wp\/v2\/types\/post"}],"author":[{"embeddable":true,"href":"https:\/\/droitemoderniste.be\/index.php\/wp-json\/wp\/v2\/users\/1"}],"replies":[{"embeddable":true,"href":"https:\/\/droitemoderniste.be\/index.php\/wp-json\/wp\/v2\/comments?post=1793"}],"version-history":[{"count":1,"href":"https:\/\/droitemoderniste.be\/index.php\/wp-json\/wp\/v2\/posts\/1793\/revisions"}],"predecessor-version":[{"id":1795,"href":"https:\/\/droitemoderniste.be\/index.php\/wp-json\/wp\/v2\/posts\/1793\/revisions\/1795"}],"wp:attachment":[{"href":"https:\/\/droitemoderniste.be\/index.php\/wp-json\/wp\/v2\/media?parent=1793"}],"wp:term":[{"taxonomy":"category","embeddable":true,"href":"https:\/\/droitemoderniste.be\/index.php\/wp-json\/wp\/v2\/categories?post=1793"},{"taxonomy":"post_tag","embeddable":true,"href":"https:\/\/droitemoderniste.be\/index.php\/wp-json\/wp\/v2\/tags?post=1793"}],"curies":[{"name":"wp","href":"https:\/\/api.w.org\/{rel}","templated":true}]}}