{"id":1788,"date":"2025-10-21T14:41:51","date_gmt":"2025-10-21T12:41:51","guid":{"rendered":"https:\/\/droitemoderniste.be\/?p=1788"},"modified":"2025-10-21T14:41:51","modified_gmt":"2025-10-21T12:41:51","slug":"le-programme-economique-du-mdm","status":"publish","type":"post","link":"https:\/\/droitemoderniste.be\/index.php\/2025\/10\/21\/le-programme-economique-du-mdm\/","title":{"rendered":"Le programme \u00e9conomique du MDM"},"content":{"rendered":"\n<figure class=\"wp-block-image size-full\"><img loading=\"lazy\" decoding=\"async\" width=\"318\" height=\"158\" src=\"https:\/\/droitemoderniste.be\/wp-content\/uploads\/2025\/10\/crowdlending.jpg\" alt=\"\" class=\"wp-image-1789\" srcset=\"https:\/\/droitemoderniste.be\/wp-content\/uploads\/2025\/10\/crowdlending.jpg 318w, https:\/\/droitemoderniste.be\/wp-content\/uploads\/2025\/10\/crowdlending-300x149.jpg 300w\" sizes=\"auto, (max-width: 318px) 100vw, 318px\" \/><\/figure>\n\n\n\n<p class=\"wp-block-paragraph\">Le programme \u00e9conomique du<strong> <mark style=\"background-color:rgba(0, 0, 0, 0);color:#ff6900\" class=\"has-inline-color\">Mouvement Droite Moderniste (MDM)<\/mark><\/strong> pr\u00e9sente une <strong>originalit\u00e9 marqu\u00e9e<\/strong> dans le paysage politique belge, et ce \u00e0 plusieurs niveaux.<\/p>\n\n\n\n<p class=\"wp-block-paragraph\">Voici une analyse d\u00e9taill\u00e9e de cette singularit\u00e9 :<\/p>\n\n\n\n<hr class=\"wp-block-separator has-alpha-channel-opacity\"\/>\n\n\n\n<h5 class=\"wp-block-heading\">1. Une <strong>synth\u00e8se in\u00e9dite<\/strong> entre lib\u00e9ralisme et interventionnisme<\/h5>\n\n\n\n<p class=\"wp-block-paragraph\">Le <mark style=\"background-color:rgba(0, 0, 0, 0);color:#ff6900\" class=\"has-inline-color\">MDM<\/mark> ne se range ni du c\u00f4t\u00e9 du <strong>lib\u00e9ralisme \u00e9conomique classique<\/strong> (comme l\u2019Open VLD ou une partie du MR), ni dans le <strong>dirigisme \u00e9tatiste<\/strong> traditionnel de la gauche.<br>Il revendique un <strong>\u00ab dirigisme mod\u00e9r\u00e9 \u00bb<\/strong>, c\u2019est-\u00e0-dire :<\/p>\n\n\n\n<ul class=\"wp-block-list\">\n<li>une <strong>\u00e9conomie de march\u00e9 r\u00e9gul\u00e9e par l\u2019int\u00e9r\u00eat national et social<\/strong>,<\/li>\n\n\n\n<li>un <strong>\u00c9tat strat\u00e8ge<\/strong>, investisseur dans les fili\u00e8res d\u2019avenir (technologies, \u00e9nergie, industries locales),<\/li>\n\n\n\n<li>une <strong>protection raisonn\u00e9e<\/strong> contre les d\u00e9rives du libre-\u00e9change d\u00e9loyal.<\/li>\n<\/ul>\n\n\n\n<p class=\"wp-block-paragraph\">Cela positionne le <mark style=\"background-color:rgba(0, 0, 0, 0);color:#ff6900\" class=\"has-inline-color\">MDM<\/mark> comme un <strong>centre-droit productif<\/strong>, qui refuse \u00e0 la fois le laisser-faire et le repli.<\/p>\n\n\n\n<hr class=\"wp-block-separator has-alpha-channel-opacity\"\/>\n\n\n\n<h5 class=\"wp-block-heading\">2. Un <strong>patriotisme \u00e9conomique europ\u00e9en<\/strong><\/h5>\n\n\n\n<p class=\"wp-block-paragraph\">L\u00e0 o\u00f9 les partis belges traditionnels se divisent entre <strong>europ\u00e9isme na\u00eff<\/strong> et <strong>souverainisme de rupture<\/strong>, le <mark style=\"background-color:rgba(0, 0, 0, 0);color:#ff6900\" class=\"has-inline-color\">MDM<\/mark> d\u00e9fend un <strong>souverainisme \u00e9clair\u00e9<\/strong> :<\/p>\n\n\n\n<ul class=\"wp-block-list\">\n<li>priorit\u00e9 aux entreprises <strong>belges et europ\u00e9ennes<\/strong> dans les march\u00e9s publics,<\/li>\n\n\n\n<li>relocalisation des secteurs strat\u00e9giques,<\/li>\n\n\n\n<li>d\u00e9fense d\u2019une <strong>Europe \u00e9conomique des nations<\/strong> fond\u00e9e sur la r\u00e9ciprocit\u00e9 et la pr\u00e9f\u00e9rence mutuelle.<\/li>\n<\/ul>\n\n\n\n<p class=\"wp-block-paragraph\">Une approche pragmatique et moderniste du patriotisme \u00e9conomique, adapt\u00e9e \u00e0 la mondialisation du XXI\u1d49 si\u00e8cle.<\/p>\n\n\n\n<hr class=\"wp-block-separator has-alpha-channel-opacity\"\/>\n\n\n\n<h5 class=\"wp-block-heading\">3. Un <strong>social-lib\u00e9ralisme r\u00e9nov\u00e9<\/strong><\/h5>\n\n\n\n<p class=\"wp-block-paragraph\">Le <mark style=\"background-color:rgba(0, 0, 0, 0);color:#ff6900\" class=\"has-inline-color\">MDM <\/mark>s\u2019\u00e9loigne du clivage entre <strong>droite patronale<\/strong> et <strong>gauche syndicale<\/strong> :<\/p>\n\n\n\n<ul class=\"wp-block-list\">\n<li>il veut <strong>r\u00e9compenser le travail<\/strong> (r\u00e9duction des charges sur les bas et moyens salaires),<\/li>\n\n\n\n<li><strong>valoriser l\u2019entrepreneuriat responsable<\/strong>,<\/li>\n\n\n\n<li>et <strong>renforcer la participation salariale<\/strong> (int\u00e9ressement, actionnariat ou dividendes sociaux).<\/li>\n<\/ul>\n\n\n\n<p class=\"wp-block-paragraph\">Une \u00e9conomie qui favorise <strong>le m\u00e9rite, la responsabilit\u00e9 et la coh\u00e9sion<\/strong> plut\u00f4t que le conflit social.<\/p>\n\n\n\n<hr class=\"wp-block-separator has-alpha-channel-opacity\"\/>\n\n\n\n<h5 class=\"wp-block-heading\">&nbsp;4. Un <strong>capitalisme \u00e9thique et durable<\/strong><\/h5>\n\n\n\n<p class=\"wp-block-paragraph\">L\u2019\u00ab environnementalisme optimiste \u00bb du <mark style=\"background-color:rgba(0, 0, 0, 0);color:#ff6900\" class=\"has-inline-color\">MDM<\/mark> se traduit par :<\/p>\n\n\n\n<ul class=\"wp-block-list\">\n<li>une <strong>croissance environnementale r\u00e9aliste<\/strong>,<\/li>\n\n\n\n<li>un soutien \u00e0 l\u2019<strong>innovation <\/strong>environnementale plut\u00f4t qu\u2019\u00e0 la fiscalit\u00e9 punitive,<\/li>\n\n\n\n<li>la cr\u00e9ation d\u2019un <strong>label \u201cMade in Belgium durable\u201d<\/strong>.<\/li>\n<\/ul>\n\n\n\n<p class=\"wp-block-paragraph\">Contrairement aux partis verts ou socialistes, le <mark style=\"background-color:rgba(0, 0, 0, 0);color:#ff6900\" class=\"has-inline-color\">MDM<\/mark> voit <strong>l\u2019\u00e9cosophie (sagesse \u00e9cologique) comme moteur de prosp\u00e9rit\u00e9<\/strong>, pas comme frein.<\/p>\n\n\n\n<hr class=\"wp-block-separator has-alpha-channel-opacity\"\/>\n\n\n\n<h5 class=\"wp-block-heading\">5. Une <strong>vision long terme de la prosp\u00e9rit\u00e9<\/strong><\/h5>\n\n\n\n<p class=\"wp-block-paragraph\">Enfin, le <mark style=\"background-color:rgba(0, 0, 0, 0);color:#ff6900\" class=\"has-inline-color\">MDM<\/mark> met l\u2019accent sur :<\/p>\n\n\n\n<ul class=\"wp-block-list\">\n<li>la <strong>stabilit\u00e9 fiscale et r\u00e9glementaire<\/strong>,<\/li>\n\n\n\n<li>la <strong>formation technologique et artisanale<\/strong>,<\/li>\n\n\n\n<li>et la <strong>pr\u00e9servation du patrimoine productif<\/strong> belge.<\/li>\n<\/ul>\n\n\n\n<p class=\"wp-block-paragraph\">&nbsp;Il ne pense pas seulement en termes d\u2019ann\u00e9es \u00e9lectorales, mais de <strong>g\u00e9n\u00e9rations<\/strong>.<\/p>\n\n\n\n<hr class=\"wp-block-separator has-alpha-channel-opacity\"\/>\n\n\n\n<h5 class=\"wp-block-heading\"><strong>En r\u00e9sum\u00e9<\/strong><\/h5>\n\n\n\n<p class=\"wp-block-paragraph\">L\u2019originalit\u00e9 \u00e9conomique du <mark style=\"background-color:rgba(0, 0, 0, 0);color:#ff6900\" class=\"has-inline-color\">MDM<\/mark> r\u00e9side dans sa <strong>troisi\u00e8me voie<\/strong> :<\/p>\n\n\n\n<p class=\"wp-block-paragraph\"><strong>\u00ab Ni capitalisme d\u00e9brid\u00e9, ni \u00e9tatisme paralysant : une \u00e9conomie au service du peuple, de la nation et du progr\u00e8s. \u00bb<\/strong><\/p>\n\n\n\n<p class=\"wp-block-paragraph\">C\u2019est cette combinaison \u2014 <strong>dirigisme mod\u00e9r\u00e9<\/strong>, <strong>protectionnisme raisonn\u00e9<\/strong>, <strong>social-lib\u00e9ralisme moderne<\/strong> et <strong>environnementalisme productif<\/strong> \u2014 qui distingue nettement le <mark style=\"background-color:rgba(0, 0, 0, 0);color:#ff6900\" class=\"has-inline-color\">MDM<\/mark> du reste du spectre politique belge.<\/p>\n\n\n\n<p class=\"wp-block-paragraph\"><\/p>\n","protected":false},"excerpt":{"rendered":"<p>Le programme \u00e9conomique du Mouvement Droite Moderniste (MDM) pr\u00e9sente une originalit\u00e9 marqu\u00e9e dans le paysage politique belge, et ce \u00e0 plusieurs niveaux. Voici une analyse d\u00e9taill\u00e9e de cette singularit\u00e9 : 1. Une synth\u00e8se in\u00e9dite entre lib\u00e9ralisme et interventionnisme Le MDM ne se range ni du c\u00f4t\u00e9 du lib\u00e9ralisme \u00e9conomique classique (comme l\u2019Open VLD ou une [&hellip;]<\/p>\n","protected":false},"author":1,"featured_media":0,"comment_status":"open","ping_status":"open","sticky":false,"template":"","format":"standard","meta":{"_monsterinsights_skip_tracking":false,"_uf_show_specific_survey":0,"_uf_disable_surveys":false,"footnotes":""},"categories":[31],"tags":[],"class_list":["post-1788","post","type-post","status-publish","format-standard","hentry","category-economie"],"_links":{"self":[{"href":"https:\/\/droitemoderniste.be\/index.php\/wp-json\/wp\/v2\/posts\/1788","targetHints":{"allow":["GET"]}}],"collection":[{"href":"https:\/\/droitemoderniste.be\/index.php\/wp-json\/wp\/v2\/posts"}],"about":[{"href":"https:\/\/droitemoderniste.be\/index.php\/wp-json\/wp\/v2\/types\/post"}],"author":[{"embeddable":true,"href":"https:\/\/droitemoderniste.be\/index.php\/wp-json\/wp\/v2\/users\/1"}],"replies":[{"embeddable":true,"href":"https:\/\/droitemoderniste.be\/index.php\/wp-json\/wp\/v2\/comments?post=1788"}],"version-history":[{"count":1,"href":"https:\/\/droitemoderniste.be\/index.php\/wp-json\/wp\/v2\/posts\/1788\/revisions"}],"predecessor-version":[{"id":1790,"href":"https:\/\/droitemoderniste.be\/index.php\/wp-json\/wp\/v2\/posts\/1788\/revisions\/1790"}],"wp:attachment":[{"href":"https:\/\/droitemoderniste.be\/index.php\/wp-json\/wp\/v2\/media?parent=1788"}],"wp:term":[{"taxonomy":"category","embeddable":true,"href":"https:\/\/droitemoderniste.be\/index.php\/wp-json\/wp\/v2\/categories?post=1788"},{"taxonomy":"post_tag","embeddable":true,"href":"https:\/\/droitemoderniste.be\/index.php\/wp-json\/wp\/v2\/tags?post=1788"}],"curies":[{"name":"wp","href":"https:\/\/api.w.org\/{rel}","templated":true}]}}