{"id":1739,"date":"2025-10-19T14:32:01","date_gmt":"2025-10-19T12:32:01","guid":{"rendered":"https:\/\/droitemoderniste.be\/?p=1739"},"modified":"2025-10-19T14:32:01","modified_gmt":"2025-10-19T12:32:01","slug":"en-finir-avec-la-farce-verte-qui-nous-ruine","status":"publish","type":"post","link":"https:\/\/droitemoderniste.be\/index.php\/2025\/10\/19\/en-finir-avec-la-farce-verte-qui-nous-ruine\/","title":{"rendered":"En finir avec la \u00ab\u00a0farce verte\u00a0\u00bb qui nous ruine!"},"content":{"rendered":"\n<figure class=\"wp-block-image size-large\"><img loading=\"lazy\" decoding=\"async\" width=\"1024\" height=\"512\" src=\"https:\/\/droitemoderniste.be\/wp-content\/uploads\/2025\/10\/5deb50af9978e272f963acfa-1024x512.jpg\" alt=\"\" class=\"wp-image-1740\" srcset=\"https:\/\/droitemoderniste.be\/wp-content\/uploads\/2025\/10\/5deb50af9978e272f963acfa-1024x512.jpg 1024w, https:\/\/droitemoderniste.be\/wp-content\/uploads\/2025\/10\/5deb50af9978e272f963acfa-300x150.jpg 300w, https:\/\/droitemoderniste.be\/wp-content\/uploads\/2025\/10\/5deb50af9978e272f963acfa-768x384.jpg 768w, https:\/\/droitemoderniste.be\/wp-content\/uploads\/2025\/10\/5deb50af9978e272f963acfa.jpg 1280w\" sizes=\"auto, (max-width: 1024px) 100vw, 1024px\" \/><\/figure>\n\n\n\n<p class=\"wp-block-paragraph\">Nous disons non \u00e0&nbsp; une Belgique, totalement d\u00e9carbonn\u00e9e o\u00f9 \u00e9oliennes et panneaux solaires viendraient de mani\u00e8re mirifique se substituer aux hydrocarbures. Il faut donc mettre un frein \u00e0 la transition \u00e9nerg\u00e9tique et la repenser dans son ensemble mixte.<\/p>\n\n\n\n<p class=\"wp-block-paragraph\">C\u2019est la r\u00e9alit\u00e9 politique et \u00e9conomique (ralentissement marqu\u00e9) qui l\u2019exige. Il faut abandonner la taxe carbone. Il faut suspendre la loi imposant des v\u00e9hicules \u00e9lectriques \u00e0 l\u2019horizon 2035.<\/p>\n\n\n\n<p class=\"wp-block-paragraph\">Le discours d\u00e9cadent \u00e9cologiste doit c\u00e9der la place \u00e0 un pragmatisme rigoureux, ou \u00e0 tout le moins, \u00e0 un r\u00e9alisme affich\u00e9, au profit de la primaut\u00e9 du secteur nucl\u00e9aire et accessoirement du secteur p\u00e9trolier.<\/p>\n\n\n\n<p class=\"wp-block-paragraph\">Nous devons nous d\u00e9solidariser du Green deal&nbsp;\u00bb de la CE. Cette utopie \u00e9cologiste de fonctionnaires europ\u00e9ens est responsable de la flamb\u00e9e des prix de l\u2019\u00e9nergie et par cons\u00e9quent de l\u2019aggravation de la pr\u00e9carit\u00e9 des m\u00e9nages.<\/p>\n\n\n\n<p class=\"wp-block-paragraph\">Le <mark style=\"background-color:rgba(0, 0, 0, 0);color:#ff6900\" class=\"has-inline-color\">MDM<\/mark> souhaite capitaliser sur la d\u00e9sillusion populaire concernant la \u00ab\u00a0farce verte\u00a0\u00bb. Le grand public rejette de plus en plus une fausse transition \u00e9nerg\u00e9tique dogmatique, autant ruineuse qu\u2019inutile. Les politiques doivent s\u2019affranchir de la peur de para\u00eetre politiquement incorrects et r\u00e9apprendre \u00e0 appeler un chat un chat.<\/p>\n\n\n\n<p class=\"wp-block-paragraph\">Une Belgique enti\u00e8rement d\u00e9carbonn\u00e9e est autant une utopie qu\u2019une aberration puisque les technologies \u00e9nerg\u00e9tiques sont indissociables des \u00e9nergies fossiles. En effet, la fabrication des panneaux solaires, des \u00e9oliennes, des batteries n\u00e9cessite du p\u00e9trole, du gaz et du charbon. En outre, la variabilit\u00e9 et l\u2019intermittence inh\u00e9rentes \u00e0 l\u2019\u00e9nergie \u00e9olienne et solaire rendent indispensable le maintien des centrales thermiques fossiles pilotables, afin de garantir la s\u00e9curit\u00e9 de l\u2019approvisionnement \u00e9nerg\u00e9tique.<\/p>\n\n\n\n<p class=\"wp-block-paragraph\">Nous voulons l\u2019application pleine et enti\u00e8re de la loi du 15 mai 2025, suppos\u00e9e marquer un retour au nucl\u00e9aire. Actuellement, non seulement des r\u00e9acteurs continuent d\u2019\u00eatre ferm\u00e9s, mais la cr\u00e9ation de nouveaux r\u00e9acteurs n\u2019est envisag\u00e9e par aucun autre parti que le <mark style=\"background-color:rgba(0, 0, 0, 0);color:#ff6900\" class=\"has-inline-color\">MDM<\/mark>.<\/p>\n\n\n\n<p class=\"wp-block-paragraph\">Il est ind\u00e9niable que la s\u00e9curit\u00e9 de l\u2019approvisionnement \u00e9nerg\u00e9tique, la comp\u00e9titivit\u00e9 industrielle et partant la coh\u00e9sion sociale reposent pour longtemps sur les \u00e9nergies conventionnelles (hydrocarbures et nucl\u00e9aire).<\/p>\n\n\n\n<p class=\"wp-block-paragraph\">Il est imp\u00e9ratif que les responsables politiques soucieux du bien-\u00eatre de leur population cessent de dilapider leurs finances et celles des citoyens dans des politiques qui engendrent la d\u00e9croissance \u00e9conomique.<\/p>\n","protected":false},"excerpt":{"rendered":"<p>Nous disons non \u00e0&nbsp; une Belgique, totalement d\u00e9carbonn\u00e9e o\u00f9 \u00e9oliennes et panneaux solaires viendraient de mani\u00e8re mirifique se substituer aux hydrocarbures. Il faut donc mettre un frein \u00e0 la transition \u00e9nerg\u00e9tique et la repenser dans son ensemble mixte. C\u2019est la r\u00e9alit\u00e9 politique et \u00e9conomique (ralentissement marqu\u00e9) qui l\u2019exige. Il faut abandonner la taxe carbone. Il [&hellip;]<\/p>\n","protected":false},"author":1,"featured_media":0,"comment_status":"open","ping_status":"open","sticky":false,"template":"","format":"standard","meta":{"_monsterinsights_skip_tracking":false,"_uf_show_specific_survey":0,"_uf_disable_surveys":false,"footnotes":""},"categories":[25],"tags":[],"class_list":["post-1739","post","type-post","status-publish","format-standard","hentry","category-environnementalisme"],"_links":{"self":[{"href":"https:\/\/droitemoderniste.be\/index.php\/wp-json\/wp\/v2\/posts\/1739","targetHints":{"allow":["GET"]}}],"collection":[{"href":"https:\/\/droitemoderniste.be\/index.php\/wp-json\/wp\/v2\/posts"}],"about":[{"href":"https:\/\/droitemoderniste.be\/index.php\/wp-json\/wp\/v2\/types\/post"}],"author":[{"embeddable":true,"href":"https:\/\/droitemoderniste.be\/index.php\/wp-json\/wp\/v2\/users\/1"}],"replies":[{"embeddable":true,"href":"https:\/\/droitemoderniste.be\/index.php\/wp-json\/wp\/v2\/comments?post=1739"}],"version-history":[{"count":1,"href":"https:\/\/droitemoderniste.be\/index.php\/wp-json\/wp\/v2\/posts\/1739\/revisions"}],"predecessor-version":[{"id":1741,"href":"https:\/\/droitemoderniste.be\/index.php\/wp-json\/wp\/v2\/posts\/1739\/revisions\/1741"}],"wp:attachment":[{"href":"https:\/\/droitemoderniste.be\/index.php\/wp-json\/wp\/v2\/media?parent=1739"}],"wp:term":[{"taxonomy":"category","embeddable":true,"href":"https:\/\/droitemoderniste.be\/index.php\/wp-json\/wp\/v2\/categories?post=1739"},{"taxonomy":"post_tag","embeddable":true,"href":"https:\/\/droitemoderniste.be\/index.php\/wp-json\/wp\/v2\/tags?post=1739"}],"curies":[{"name":"wp","href":"https:\/\/api.w.org\/{rel}","templated":true}]}}