{"id":1691,"date":"2025-10-17T09:33:21","date_gmt":"2025-10-17T07:33:21","guid":{"rendered":"https:\/\/droitemoderniste.be\/?p=1691"},"modified":"2025-10-17T09:33:21","modified_gmt":"2025-10-17T07:33:21","slug":"politique-migratoire-distinctive","status":"publish","type":"post","link":"https:\/\/droitemoderniste.be\/index.php\/2025\/10\/17\/politique-migratoire-distinctive\/","title":{"rendered":"Politique migratoire distinctive"},"content":{"rendered":"\n<figure class=\"wp-block-image size-full\"><img loading=\"lazy\" decoding=\"async\" width=\"616\" height=\"347\" src=\"https:\/\/droitemoderniste.be\/wp-content\/uploads\/2025\/10\/crise-migratoire1.webp\" alt=\"\" class=\"wp-image-1692\" srcset=\"https:\/\/droitemoderniste.be\/wp-content\/uploads\/2025\/10\/crise-migratoire1.webp 616w, https:\/\/droitemoderniste.be\/wp-content\/uploads\/2025\/10\/crise-migratoire1-300x169.webp 300w\" sizes=\"auto, (max-width: 616px) 100vw, 616px\" \/><\/figure>\n\n\n\n<p class=\"wp-block-paragraph\">Voici une <strong>analyse comparative pr\u00e9cise<\/strong> montrant <strong>en quoi la politique migratoire du <mark style=\"background-color:rgba(0, 0, 0, 0);color:#ff6900\" class=\"has-inline-color\">MDM<\/mark> se distingue<\/strong> de celle de <strong>D\u00e9fi<\/strong>, <strong>\u00c9colo<\/strong>, <strong>Les Engag\u00e9s<\/strong> et du <strong>MR<\/strong>, tant dans la philosophie que dans les mesures concr\u00e8tes.<\/p>\n\n\n\n<hr class=\"wp-block-separator has-alpha-channel-opacity\"\/>\n\n\n\n<p class=\"wp-block-paragraph\"><strong>1. La philosophie g\u00e9n\u00e9rale<\/strong><\/p>\n\n\n\n<figure class=\"wp-block-table\"><table class=\"has-fixed-layout\"><thead><tr><td><strong>Parti<\/strong><\/td><td><strong>Vision globale de la migration<\/strong><\/td><td><strong>Positionnement id\u00e9ologique<\/strong><\/td><\/tr><\/thead><tbody><tr><td><strong>\u00c9colo<\/strong><\/td><td>Humaniste et universaliste : la migration est vue comme une richesse culturelle et une responsabilit\u00e9 morale.<\/td><td>Ouverture maximale. Accent sur l\u2019accueil, la r\u00e9gularisation et la diversit\u00e9.<\/td><\/tr><tr><td><strong>Les Engag\u00e9s<\/strong><\/td><td>Chr\u00e9tien-social : approche compatissante mais plus r\u00e9aliste. Soutien \u00e0 une immigration r\u00e9gul\u00e9e et \u00e0 l\u2019int\u00e9gration.<\/td><td>Humanisme \u00e9quilibr\u00e9, ton mod\u00e9r\u00e9.<\/td><\/tr><tr><td><strong>D\u00e9fi<\/strong><\/td><td>R\u00e9publicain la\u00efc : d\u00e9fend une immigration choisie et l\u2019int\u00e9gration forte dans le cadre de la la\u00efcit\u00e9.<\/td><td>Ferme sur la neutralit\u00e9, mais pas sur les flux migratoires eux-m\u00eames.<\/td><\/tr><tr><td><strong>MR<\/strong><\/td><td>Lib\u00e9ral-conservateur : favorable \u00e0 une immigration \u00e9conomique ma\u00eetris\u00e9e, ferme sur les ill\u00e9gaux.<\/td><td>Contr\u00f4le renforc\u00e9, int\u00e9gration par le travail.<\/td><\/tr><tr><td><strong><mark style=\"background-color:rgba(0, 0, 0, 0);color:#ff6900\" class=\"has-inline-color\">MDM<\/mark><\/strong><\/td><td><strong>D\u00e9simmigrationnisme rationnel<\/strong> : r\u00e9duire les flux migratoires non int\u00e9grables, tout en valorisant les migrations utiles, humanitaires et qualifi\u00e9es.<\/td><td>Patriotisme civique + r\u00e9alisme d\u00e9mographique. D\u00e9fend la continuit\u00e9 identitaire belge dans un cadre europ\u00e9en et humaniste.<\/td><\/tr><\/tbody><\/table><\/figure>\n\n\n\n<p class=\"wp-block-paragraph\"><strong>2. Les principes directeurs du <mark style=\"background-color:rgba(0, 0, 0, 0);color:#ff6900\" class=\"has-inline-color\">MDM<\/mark><\/strong><\/p>\n\n\n\n<p class=\"wp-block-paragraph\">Le <strong><mark style=\"background-color:rgba(0, 0, 0, 0);color:#ff6900\" class=\"has-inline-color\">Mouvement Droite Moderniste<\/mark><\/strong> d\u00e9veloppe une politique migratoire fond\u00e9e sur trois piliers :<\/p>\n\n\n\n<ol start=\"1\" class=\"wp-block-list\">\n<li><strong>Le r\u00e9alisme d\u00e9mographique<\/strong>\n<ul class=\"wp-block-list\">\n<li>Reconnaissance que la Belgique a atteint un seuil critique d\u2019int\u00e9gration (pression sur le logement, les \u00e9coles, les services publics).<\/li>\n\n\n\n<li>Objectif : stabiliser la population migrante non int\u00e9gr\u00e9e avant d\u2019en accueillir davantage.<\/li>\n<\/ul>\n<\/li>\n\n\n\n<li><strong>Le civisme int\u00e9gratif<\/strong>\n<ul class=\"wp-block-list\">\n<li>Toute immigration doit s\u2019accompagner d\u2019un <strong>contrat civique obligatoire<\/strong> : respect des lois, \u00e9galit\u00e9 homme-femme, langue nationale, engagement communautaire.<\/li>\n\n\n\n<li>Refus du multiculturalisme passif : la Belgique n\u2019est pas un espace neutre, mais une nation civique et culturelle.<\/li>\n<\/ul>\n<\/li>\n\n\n\n<li><strong>Le d\u00e9simmigrationnisme rationnel<\/strong>\n<ul class=\"wp-block-list\">\n<li>Politique de <strong>r\u00e9duction ma\u00eetris\u00e9e<\/strong> de l\u2019immigration non-qualifi\u00e9e et de la d\u00e9pendance aux flux ext\u00e9rieurs.<\/li>\n\n\n\n<li>Renforcement du retour volontaire et de la r\u00e9insertion dans les pays d\u2019origine avec l\u2019aide de l\u2019UE.<\/li>\n<\/ul>\n<\/li>\n<\/ol>\n\n\n\n<hr class=\"wp-block-separator has-alpha-channel-opacity\"\/>\n\n\n\n<p class=\"wp-block-paragraph\"><strong>3. Diff\u00e9rences concr\u00e8tes avec les autres partis<\/strong><\/p>\n\n\n\n<figure class=\"wp-block-table\"><table class=\"has-fixed-layout\"><thead><tr><td><strong>Axe<\/strong><\/td><td><strong><mark style=\"background-color:rgba(0, 0, 0, 0);color:#ff6900\" class=\"has-inline-color\">MDM<\/mark><\/strong><\/td><td><strong>MR<\/strong><\/td><td><strong>D\u00e9fi<\/strong><\/td><td><strong>Les Engag\u00e9s<\/strong><\/td><td><strong>\u00c9colo<\/strong><\/td><\/tr><\/thead><tbody><tr><td><strong>Flux migratoires<\/strong><\/td><td>R\u00e9duction raisonn\u00e9e des flux, quotas qualitatifs.<\/td><td>Ma\u00eetrise des flux.<\/td><td>Immigration choisie.<\/td><td>R\u00e9gul\u00e9e avec humanit\u00e9.<\/td><td>Accueil large, droit \u00e0 la mobilit\u00e9.<\/td><\/tr><tr><td><strong>Int\u00e9gration<\/strong><\/td><td>Contrat civique obligatoire, test de valeurs.<\/td><td>Contrat d\u2019int\u00e9gration.<\/td><td>Cours de citoyennet\u00e9.<\/td><td>Formation linguistique.<\/td><td>Respect des identit\u00e9s multiples.<\/td><\/tr><tr><td><strong>Asile<\/strong><\/td><td>R\u00e9forme du droit d\u2019asile europ\u00e9en, recentrage sur les vrais r\u00e9fugi\u00e9s.<\/td><td>Contr\u00f4le strict.<\/td><td>Am\u00e9lioration des proc\u00e9dures.<\/td><td>Soutien \u00e0 l\u2019accueil.<\/td><td>Droit d\u2019asile \u00e9largi.<\/td><\/tr><tr><td><strong>Identit\u00e9 nationale<\/strong><\/td><td>Affirmation d\u2019une identit\u00e9 civique belge et europ\u00e9enne.<\/td><td>D\u00e9fense des valeurs occidentales.<\/td><td>La\u00efcit\u00e9 r\u00e9publicaine.<\/td><td>Valeurs chr\u00e9tiennes et humanisme.<\/td><td>Diversit\u00e9 culturelle assum\u00e9e.<\/td><\/tr><tr><td><strong>Mesure phare<\/strong><\/td><td>Pacte de d\u00e9simmigration et de coh\u00e9sion nationale.<\/td><td>Carte bleue europ\u00e9enne.<\/td><td>Naturalisation encadr\u00e9e.<\/td><td>Parcours d\u2019int\u00e9gration souple.<\/td><td>R\u00e9gularisation humanitaire.<\/td><\/tr><\/tbody><\/table><\/figure>\n\n\n\n<p class=\"wp-block-paragraph\"><strong>4. Synth\u00e8se : la singularit\u00e9 du <mark style=\"background-color:rgba(0, 0, 0, 0);color:#ff6900\" class=\"has-inline-color\">MDM<\/mark><\/strong><\/p>\n\n\n\n<p class=\"wp-block-paragraph\">Le <strong><mark style=\"background-color:rgba(0, 0, 0, 0);color:#ff6900\" class=\"has-inline-color\">MDM<\/mark><\/strong> se situe <strong>entre la fermet\u00e9 du r\u00e9alisme et la noblesse de l\u2019humanisme<\/strong> :<\/p>\n\n\n\n<ul class=\"wp-block-list\">\n<li>Ni repli identitaire, ni laxisme migratoire.<\/li>\n\n\n\n<li>Une <strong>politique de coh\u00e9sion nationale<\/strong>, au service de la stabilit\u00e9 culturelle, \u00e9conomique et sociale.<\/li>\n\n\n\n<li>Une vision <strong>prospective et europ\u00e9enne<\/strong> : la migration ne doit plus \u00eatre subie, mais pens\u00e9e dans le cadre d\u2019une <strong>autonomie strat\u00e9gique de la Belgique<\/strong>.<\/li>\n<\/ul>\n\n\n\n<p class=\"wp-block-paragraph\"><strong>\u00a0<em><mark style=\"background-color:rgba(0, 0, 0, 0);color:#ff6900\" class=\"has-inline-color\">\u00ab Ma\u00eetriser pour accueillir dignement. \u00bb<\/mark><\/em><\/strong><\/p>\n\n\n\n<p class=\"wp-block-paragraph\"><\/p>\n","protected":false},"excerpt":{"rendered":"<p>Voici une analyse comparative pr\u00e9cise montrant en quoi la politique migratoire du MDM se distingue de celle de D\u00e9fi, \u00c9colo, Les Engag\u00e9s et du MR, tant dans la philosophie que dans les mesures concr\u00e8tes. 1. La philosophie g\u00e9n\u00e9rale Parti Vision globale de la migration Positionnement id\u00e9ologique \u00c9colo Humaniste et universaliste : la migration est vue [&hellip;]<\/p>\n","protected":false},"author":1,"featured_media":0,"comment_status":"open","ping_status":"open","sticky":false,"template":"","format":"standard","meta":{"_monsterinsights_skip_tracking":false,"_uf_show_specific_survey":0,"_uf_disable_surveys":false,"footnotes":""},"categories":[1],"tags":[],"class_list":["post-1691","post","type-post","status-publish","format-standard","hentry","category-immigration"],"_links":{"self":[{"href":"https:\/\/droitemoderniste.be\/index.php\/wp-json\/wp\/v2\/posts\/1691","targetHints":{"allow":["GET"]}}],"collection":[{"href":"https:\/\/droitemoderniste.be\/index.php\/wp-json\/wp\/v2\/posts"}],"about":[{"href":"https:\/\/droitemoderniste.be\/index.php\/wp-json\/wp\/v2\/types\/post"}],"author":[{"embeddable":true,"href":"https:\/\/droitemoderniste.be\/index.php\/wp-json\/wp\/v2\/users\/1"}],"replies":[{"embeddable":true,"href":"https:\/\/droitemoderniste.be\/index.php\/wp-json\/wp\/v2\/comments?post=1691"}],"version-history":[{"count":1,"href":"https:\/\/droitemoderniste.be\/index.php\/wp-json\/wp\/v2\/posts\/1691\/revisions"}],"predecessor-version":[{"id":1693,"href":"https:\/\/droitemoderniste.be\/index.php\/wp-json\/wp\/v2\/posts\/1691\/revisions\/1693"}],"wp:attachment":[{"href":"https:\/\/droitemoderniste.be\/index.php\/wp-json\/wp\/v2\/media?parent=1691"}],"wp:term":[{"taxonomy":"category","embeddable":true,"href":"https:\/\/droitemoderniste.be\/index.php\/wp-json\/wp\/v2\/categories?post=1691"},{"taxonomy":"post_tag","embeddable":true,"href":"https:\/\/droitemoderniste.be\/index.php\/wp-json\/wp\/v2\/tags?post=1691"}],"curies":[{"name":"wp","href":"https:\/\/api.w.org\/{rel}","templated":true}]}}