{"id":1655,"date":"2025-10-15T14:29:12","date_gmt":"2025-10-15T12:29:12","guid":{"rendered":"https:\/\/droitemoderniste.be\/?p=1655"},"modified":"2025-10-15T14:29:12","modified_gmt":"2025-10-15T12:29:12","slug":"une-modernite-enracinee-un-humanisme-du-reel","status":"publish","type":"post","link":"https:\/\/droitemoderniste.be\/index.php\/2025\/10\/15\/une-modernite-enracinee-un-humanisme-du-reel\/","title":{"rendered":"Une modernit\u00e9 enracin\u00e9e, un humanisme du r\u00e9el"},"content":{"rendered":"\n<figure class=\"wp-block-image size-full\"><img loading=\"lazy\" decoding=\"async\" width=\"1024\" height=\"576\" src=\"https:\/\/droitemoderniste.be\/wp-content\/uploads\/2025\/10\/discrimination.jpg\" alt=\"\" class=\"wp-image-1656\" srcset=\"https:\/\/droitemoderniste.be\/wp-content\/uploads\/2025\/10\/discrimination.jpg 1024w, https:\/\/droitemoderniste.be\/wp-content\/uploads\/2025\/10\/discrimination-300x169.jpg 300w, https:\/\/droitemoderniste.be\/wp-content\/uploads\/2025\/10\/discrimination-768x432.jpg 768w\" sizes=\"auto, (max-width: 1024px) 100vw, 1024px\" \/><\/figure>\n\n\n\n<h6 class=\"wp-block-heading\"><strong>Pourquoi le <mark style=\"background-color:rgba(0, 0, 0, 0);color:#ff6900\" class=\"has-inline-color\">MDM<\/mark> est diff\u00e9rent<\/strong><\/h6>\n\n\n\n<p class=\"wp-block-paragraph\">Le <strong><mark style=\"background-color:rgba(0, 0, 0, 0);color:#ff6900\" class=\"has-inline-color\">Mouvement Droite Moderniste (MDM)<\/mark><\/strong> incarne une voie nouvelle dans le paysage politique belge.<br>Face \u00e0 la fragmentation id\u00e9ologique et au d\u00e9clin des rep\u00e8res, le <mark style=\"background-color:rgba(0, 0, 0, 0);color:#ff6900\" class=\"has-inline-color\">MDM<\/mark> propose <strong>une modernit\u00e9 enracin\u00e9e<\/strong> et <strong>un humanisme du r\u00e9el<\/strong>, capables de r\u00e9concilier progr\u00e8s et valeurs, innovation et identit\u00e9, libert\u00e9 et responsabilit\u00e9.<\/p>\n\n\n\n<p class=\"wp-block-paragraph\"><strong><mark style=\"background-color:rgba(0, 0, 0, 0);color:#ff6900\" class=\"has-inline-color\">\u00ab <em>Racines fortes, regard neuf<\/em> \u00bb<\/mark><\/strong> \u2014 notre promesse \u00e0 la Belgique.<\/p>\n\n\n\n<hr class=\"wp-block-separator has-alpha-channel-opacity\"\/>\n\n\n\n<h6 class=\"wp-block-heading\">Une modernit\u00e9 enracin\u00e9e, pas id\u00e9ologique<\/h6>\n\n\n\n<p class=\"wp-block-paragraph\">L\u00e0 o\u00f9 certains confondent modernit\u00e9 avec rupture, le <mark style=\"background-color:rgba(0, 0, 0, 0);color:#ff6900\" class=\"has-inline-color\">MDM<\/mark> la con\u00e7oit comme <strong>une continuit\u00e9 f\u00e9conde<\/strong> : innover sans renier, \u00e9voluer sans d\u00e9raciner.<br>Nous croyons \u00e0 une Belgique moderne, mais fi\u00e8re de son histoire, de sa culture et de ses forces vives.<\/p>\n\n\n\n<ul class=\"wp-block-list\">\n<li><strong>\u00c9colo<\/strong> pr\u00f4ne une modernit\u00e9 de renoncement.<\/li>\n\n\n\n<li><strong>D\u00e9FI<\/strong> l\u2019aborde sous un angle technocratique.<\/li>\n\n\n\n<li><strong>Les Engag\u00e9s<\/strong> la moralise.<\/li>\n\n\n\n<li>Le<strong> MR<\/strong> la r\u00e9duit \u00e0 l\u2019\u00e9conomie.<\/li>\n<\/ul>\n\n\n\n<p class=\"wp-block-paragraph\">Le<strong> <mark style=\"background-color:rgba(0, 0, 0, 0);color:#ff6900\" class=\"has-inline-color\">MDM<\/mark><\/strong>, lui, la fonde sur la <strong>lucidit\u00e9, la culture et le courage d\u2019agir.<\/strong><\/p>\n\n\n\n<hr class=\"wp-block-separator has-alpha-channel-opacity\"\/>\n\n\n\n<h6 class=\"wp-block-heading\">Un humanisme int\u00e9gral, pas fragment\u00e9<\/h6>\n\n\n\n<p class=\"wp-block-paragraph\">L\u2019humanisme du <mark style=\"background-color:rgba(0, 0, 0, 0);color:#ff6900\" class=\"has-inline-color\">MDM<\/mark> est <strong>pleinement global<\/strong> : il place l\u2019\u00eatre humain au c\u0153ur du projet politique, non comme un simple individu, mais comme <strong>une personne libre, responsable et enracin\u00e9e<\/strong>.<br>Notre humanisme allie progr\u00e8s social, dignit\u00e9 du travail, respect de la nature et spiritualit\u00e9 la\u00efque.<\/p>\n\n\n\n<ul class=\"wp-block-list\">\n<li><strong>\u00c9colo<\/strong> subordonne l\u2019homme \u00e0 la nature.<\/li>\n\n\n\n<li><strong>D\u00e9FI<\/strong> isole la libert\u00e9 individuelle des devoirs collectifs.<\/li>\n\n\n\n<li><strong>Les Engag\u00e9s<\/strong> moralise sans moderniser.<\/li>\n\n\n\n<li>Le<strong> MR<\/strong> privil\u00e9gie le rendement avant le sens.<\/li>\n<\/ul>\n\n\n\n<p class=\"wp-block-paragraph\">Le<strong> <\/strong><mark style=\"background-color:rgba(0, 0, 0, 0);color:#ff6900\" class=\"has-inline-color\"><strong>MDM<\/strong> <\/mark>r\u00e9concilie <strong>libert\u00e9, solidarit\u00e9 et responsabilit\u00e9.<\/strong><\/p>\n\n\n\n<hr class=\"wp-block-separator has-alpha-channel-opacity\"\/>\n\n\n\n<h6 class=\"wp-block-heading\">Une droite du XXI\u1d49 si\u00e8cle<\/h6>\n\n\n\n<p class=\"wp-block-paragraph\">Le <mark style=\"background-color:rgba(0, 0, 0, 0);color:#ff6900\" class=\"has-inline-color\">MDM<\/mark> assume clairement d\u2019\u00eatre une <strong>droite du futur<\/strong> :<br>patriotique sans nationalisme, sociale sans assistanat, \u00e9cologique sans dogme, et europ\u00e9enne sans na\u00efvet\u00e9.<\/p>\n\n\n\n<p class=\"wp-block-paragraph\">Nous croyons en une droite <strong>humaniste, technologique et souveraine<\/strong>, tourn\u00e9e vers l\u2019avenir sans tourner le dos \u00e0 la nation.<\/p>\n\n\n\n<hr class=\"wp-block-separator has-alpha-channel-opacity\"\/>\n\n\n\n<h6 class=\"wp-block-heading\">Un humanisme d\u2019action, pas d\u2019incantation<\/h6>\n\n\n\n<p class=\"wp-block-paragraph\">L\u00e0 o\u00f9 d\u2019autres se perdent en symboles, le <mark style=\"background-color:rgba(0, 0, 0, 0);color:#ff6900\" class=\"has-inline-color\">MDM<\/mark> agit concr\u00e8tement.<br>Nos politiques s\u2019appuient sur une id\u00e9e simple : <strong>le bien commun est une \u0153uvre de raison et de volont\u00e9<\/strong>.<br>Nous pr\u00f4nons :<\/p>\n\n\n\n<ul class=\"wp-block-list\">\n<li>Une \u00e9conomie <strong>sociale, \u00e9thique et dynamique<\/strong> ;<\/li>\n\n\n\n<li>Une \u00e9cosophie <strong>positive et technologique<\/strong> ;<\/li>\n\n\n\n<li>Une \u00e9ducation <strong>du m\u00e9rite et de l\u2019esprit critique<\/strong> ;<\/li>\n\n\n\n<li>Une justice <strong>\u00e9quilibr\u00e9e entre droits et devoirs<\/strong> ;<\/li>\n\n\n\n<li>Un \u00c9tat <strong>dirigiste mod\u00e9r\u00e9<\/strong>, garant de la coh\u00e9sion nationale.<\/li>\n<\/ul>\n\n\n\n<hr class=\"wp-block-separator has-alpha-channel-opacity\"\/>\n\n\n\n<h6 class=\"wp-block-heading\">Le citoyen, acteur de civilisation<\/h6>\n\n\n\n<p class=\"wp-block-paragraph\">Pour le <mark style=\"background-color:rgba(0, 0, 0, 0);color:#ff6900\" class=\"has-inline-color\">MDM<\/mark>, le citoyen n\u2019est pas un consommateur ni un simple administr\u00e9.<br>C\u2019est <strong>un constructeur de civilisation<\/strong>, d\u00e9positaire d\u2019une responsabilit\u00e9 civique et d\u2019une esp\u00e9rance collective.<br>Notre <strong>spiritualisme la\u00efc<\/strong> invite \u00e0 redonner un sens \u00e0 la vie publique, sans dogme, mais avec exigence morale.<\/p>\n\n\n\n<p class=\"wp-block-paragraph\">Le <mark style=\"background-color:rgba(0, 0, 0, 0);color:#ff6900\" class=\"has-inline-color\">MDM<\/mark> d\u00e9fend une humanit\u00e9 debout, libre, consciente et cr\u00e9atrice.<\/p>\n\n\n\n<hr class=\"wp-block-separator has-alpha-channel-opacity\"\/>\n\n\n\n<h3 class=\"wp-block-heading\"><strong>En r\u00e9sum\u00e9<\/strong><\/h3>\n\n\n\n<figure class=\"wp-block-table\"><table class=\"has-fixed-layout\"><thead><tr><td><strong>Th\u00e8me<\/strong><strong><\/strong><\/td><td><strong><mark style=\"background-color:rgba(0, 0, 0, 0);color:#ff6900\" class=\"has-inline-color\">MDM<\/mark><\/strong><\/td><td><strong>D\u00e9FI<\/strong><strong><\/strong><\/td><td><strong>\u00c9colo<\/strong><strong><\/strong><\/td><td><strong>Les Engag\u00e9s<\/strong><strong><\/strong><\/td><td><strong>MR<\/strong><strong><\/strong><\/td><\/tr><\/thead><tbody><tr><td>Vision de la modernit\u00e9<\/td><td>Enracin\u00e9e, audacieuse<\/td><td>Institutionnelle<\/td><td>Utopique<\/td><td>Morale et floue<\/td><td>\u00c9conomique<\/td><\/tr><tr><td>Humanisme<\/td><td>Global et civique<\/td><td>Individualiste<\/td><td>\u00c9cocentr\u00e9<\/td><td>Social-chr\u00e9tien<\/td><td>Lib\u00e9ral<\/td><\/tr><tr><td>Rapport au progr\u00e8s<\/td><td>Technologique et humain<\/td><td>Technocratique<\/td><td>M\u00e9fiant<\/td><td>Prudent<\/td><td>Marchand<\/td><\/tr><tr><td>Rapport \u00e0 la nation<\/td><td>Patriotisme civique<\/td><td>R\u00e9gionaliste<\/td><td>Cosmopolite<\/td><td>Humanitaire<\/td><td>Lib\u00e9ral europ\u00e9en<\/td><\/tr><tr><td>Rapport \u00e0 la droite<\/td><td>Affirm\u00e9 et moderne<\/td><td>Mod\u00e9r\u00e9<\/td><td>Hostile<\/td><td>Centriste<\/td><td>Classique<\/td><\/tr><\/tbody><\/table><\/figure>\n","protected":false},"excerpt":{"rendered":"<p>Pourquoi le MDM est diff\u00e9rent Le Mouvement Droite Moderniste (MDM) incarne une voie nouvelle dans le paysage politique belge.Face \u00e0 la fragmentation id\u00e9ologique et au d\u00e9clin des rep\u00e8res, le MDM propose une modernit\u00e9 enracin\u00e9e et un humanisme du r\u00e9el, capables de r\u00e9concilier progr\u00e8s et valeurs, innovation et identit\u00e9, libert\u00e9 et responsabilit\u00e9. \u00ab Racines fortes, regard [&hellip;]<\/p>\n","protected":false},"author":1,"featured_media":0,"comment_status":"open","ping_status":"open","sticky":false,"template":"","format":"standard","meta":{"_monsterinsights_skip_tracking":false,"_uf_show_specific_survey":0,"_uf_disable_surveys":false,"footnotes":""},"categories":[34],"tags":[],"class_list":["post-1655","post","type-post","status-publish","format-standard","hentry","category-mouvement-droite-moderniste"],"_links":{"self":[{"href":"https:\/\/droitemoderniste.be\/index.php\/wp-json\/wp\/v2\/posts\/1655","targetHints":{"allow":["GET"]}}],"collection":[{"href":"https:\/\/droitemoderniste.be\/index.php\/wp-json\/wp\/v2\/posts"}],"about":[{"href":"https:\/\/droitemoderniste.be\/index.php\/wp-json\/wp\/v2\/types\/post"}],"author":[{"embeddable":true,"href":"https:\/\/droitemoderniste.be\/index.php\/wp-json\/wp\/v2\/users\/1"}],"replies":[{"embeddable":true,"href":"https:\/\/droitemoderniste.be\/index.php\/wp-json\/wp\/v2\/comments?post=1655"}],"version-history":[{"count":1,"href":"https:\/\/droitemoderniste.be\/index.php\/wp-json\/wp\/v2\/posts\/1655\/revisions"}],"predecessor-version":[{"id":1657,"href":"https:\/\/droitemoderniste.be\/index.php\/wp-json\/wp\/v2\/posts\/1655\/revisions\/1657"}],"wp:attachment":[{"href":"https:\/\/droitemoderniste.be\/index.php\/wp-json\/wp\/v2\/media?parent=1655"}],"wp:term":[{"taxonomy":"category","embeddable":true,"href":"https:\/\/droitemoderniste.be\/index.php\/wp-json\/wp\/v2\/categories?post=1655"},{"taxonomy":"post_tag","embeddable":true,"href":"https:\/\/droitemoderniste.be\/index.php\/wp-json\/wp\/v2\/tags?post=1655"}],"curies":[{"name":"wp","href":"https:\/\/api.w.org\/{rel}","templated":true}]}}