{"id":1604,"date":"2025-10-13T13:58:49","date_gmt":"2025-10-13T11:58:49","guid":{"rendered":"https:\/\/droitemoderniste.be\/?p=1604"},"modified":"2025-10-13T13:58:49","modified_gmt":"2025-10-13T11:58:49","slug":"lecologie-que-les-ecologistes-belges-detestent-lecosophie-du-mdm","status":"publish","type":"post","link":"https:\/\/droitemoderniste.be\/index.php\/2025\/10\/13\/lecologie-que-les-ecologistes-belges-detestent-lecosophie-du-mdm\/","title":{"rendered":"L\u2019\u00e9cologie que les \u00e9cologistes belges d\u00e9testent\u00a0: l\u2019\u00e9cosophie du MDM\u00a0!"},"content":{"rendered":"\n<figure class=\"wp-block-image size-full\"><img loading=\"lazy\" decoding=\"async\" width=\"280\" height=\"143\" src=\"https:\/\/droitemoderniste.be\/wp-content\/uploads\/2025\/10\/ecosophie01-1.jpg\" alt=\"\" class=\"wp-image-1605\"\/><\/figure>\n\n\n\n<p class=\"wp-block-paragraph\">L\u2019\u00e9cosophie harmonieuse ou l\u2019environnementalisme optimiste fa\u00e7onn\u00e9 par \u00ab\u00a0<mark style=\"background-color:rgba(0, 0, 0, 0);color:#ff6900\" class=\"has-inline-color\">Mouvement Droite Moderniste\u00a0<\/mark>\u00bb\u00a0; une pens\u00e9e \u00e9cologique diff\u00e9rente, empirique, apolitique, populaire, pas dogmatique, joyeuse, cool, ni culpabilisante ni moralisante, une mouvance verte inclassable, entra\u00eenant une foule h\u00e9t\u00e9roclite de 15-25 ans et de seniors, horrifi\u00e9e \u00e0 longueur de reportages par la souffrance des poussins, les sushis \u00e0 la viande de cheval, la mort de nos for\u00eats, la fonte des glaces, l\u2019acidification des oc\u00e9ans, les poulets en batterie plus nombreux sur terre que les oiseaux dans le ciel, les pesticides. <\/p>\n\n\n\n<p class=\"wp-block-paragraph\">Il faut agir maintenant, l\u2019urgence c\u2019est aujourd\u2019hui, \u00ab\u00a0<mark style=\"background-color:rgba(0, 0, 0, 0);color:#ff6900\" class=\"has-inline-color\">MDM<\/mark>\u00a0\u00bb d\u00e9fend une \u00e9cologie du concret, pragmatique, emplie de sagesse&#8230;<\/p>\n\n\n\n<p class=\"wp-block-paragraph\">L\u2019environnementalisme optimiste est une autre pratique de l\u2019\u00e9cologie, une pratique plus aimable, une pratique qui prend le parti de se f\u00e9liciter enfin des bonnes nouvelles\u00a0: les \u00e9missions de gaz \u00e0 effet de serre, elles, baissent dans une grande partie du monde. Une pratique \u00e0 l\u2019oppos\u00e9 de l\u2019\u00e9cologie apocalyptique et punitive d\u2019\u00c9colo.<\/p>\n\n\n\n<p class=\"wp-block-paragraph\">L\u2019\u00e9cosophie estime que se focaliser sur les temp\u00e9ratures, c\u2019est regarder dans le r\u00e9troviseur.<\/p>\n\n\n\n<p class=\"wp-block-paragraph\">\u00ab\u00a0<mark style=\"background-color:rgba(0, 0, 0, 0);color:#ff6900\" class=\"has-inline-color\">Mouvement Droite Moderniste<\/mark>\u00a0\u00bb pense que le catastrophisme m\u00e9diatique sur le r\u00e9chauffement climatique occulte les avanc\u00e9es positives et collectives r\u00e9alis\u00e9es un peu partout dans le monde.<\/p>\n\n\n\n<p class=\"wp-block-paragraph\"><\/p>\n","protected":false},"excerpt":{"rendered":"<p>L\u2019\u00e9cosophie harmonieuse ou l\u2019environnementalisme optimiste fa\u00e7onn\u00e9 par \u00ab\u00a0Mouvement Droite Moderniste\u00a0\u00bb\u00a0; une pens\u00e9e \u00e9cologique diff\u00e9rente, empirique, apolitique, populaire, pas dogmatique, joyeuse, cool, ni culpabilisante ni moralisante, une mouvance verte inclassable, entra\u00eenant une foule h\u00e9t\u00e9roclite de 15-25 ans et de seniors, horrifi\u00e9e \u00e0 longueur de reportages par la souffrance des poussins, les sushis \u00e0 la viande de [&hellip;]<\/p>\n","protected":false},"author":1,"featured_media":0,"comment_status":"open","ping_status":"open","sticky":false,"template":"","format":"standard","meta":{"_monsterinsights_skip_tracking":false,"_uf_show_specific_survey":0,"_uf_disable_surveys":false,"footnotes":""},"categories":[25],"tags":[],"class_list":["post-1604","post","type-post","status-publish","format-standard","hentry","category-environnementalisme"],"_links":{"self":[{"href":"https:\/\/droitemoderniste.be\/index.php\/wp-json\/wp\/v2\/posts\/1604","targetHints":{"allow":["GET"]}}],"collection":[{"href":"https:\/\/droitemoderniste.be\/index.php\/wp-json\/wp\/v2\/posts"}],"about":[{"href":"https:\/\/droitemoderniste.be\/index.php\/wp-json\/wp\/v2\/types\/post"}],"author":[{"embeddable":true,"href":"https:\/\/droitemoderniste.be\/index.php\/wp-json\/wp\/v2\/users\/1"}],"replies":[{"embeddable":true,"href":"https:\/\/droitemoderniste.be\/index.php\/wp-json\/wp\/v2\/comments?post=1604"}],"version-history":[{"count":1,"href":"https:\/\/droitemoderniste.be\/index.php\/wp-json\/wp\/v2\/posts\/1604\/revisions"}],"predecessor-version":[{"id":1606,"href":"https:\/\/droitemoderniste.be\/index.php\/wp-json\/wp\/v2\/posts\/1604\/revisions\/1606"}],"wp:attachment":[{"href":"https:\/\/droitemoderniste.be\/index.php\/wp-json\/wp\/v2\/media?parent=1604"}],"wp:term":[{"taxonomy":"category","embeddable":true,"href":"https:\/\/droitemoderniste.be\/index.php\/wp-json\/wp\/v2\/categories?post=1604"},{"taxonomy":"post_tag","embeddable":true,"href":"https:\/\/droitemoderniste.be\/index.php\/wp-json\/wp\/v2\/tags?post=1604"}],"curies":[{"name":"wp","href":"https:\/\/api.w.org\/{rel}","templated":true}]}}