{"id":1580,"date":"2025-10-12T11:44:56","date_gmt":"2025-10-12T09:44:56","guid":{"rendered":"https:\/\/droitemoderniste.be\/?p=1580"},"modified":"2025-10-12T11:44:56","modified_gmt":"2025-10-12T09:44:56","slug":"osons-le-recours-a-la-force","status":"publish","type":"post","link":"https:\/\/droitemoderniste.be\/index.php\/2025\/10\/12\/osons-le-recours-a-la-force\/","title":{"rendered":"Osons le recours \u00e0 la force"},"content":{"rendered":"\n<figure class=\"wp-block-image size-full\"><img loading=\"lazy\" decoding=\"async\" width=\"300\" height=\"168\" src=\"https:\/\/droitemoderniste.be\/wp-content\/uploads\/2025\/10\/policiers1.jpg\" alt=\"\" class=\"wp-image-1581\"\/><\/figure>\n\n\n\n<p class=\"wp-block-paragraph\">Dans le climat extr\u00eamement tendu qui r\u00e8gne dans notre Royaume, les rod\u00e9os urbains, constituent autant d\u2019\u00e9tincelles \u00e0 m\u00eame de ranimer l\u2019incendie.<\/p>\n\n\n\n<p class=\"wp-block-paragraph\">Le&nbsp; dernier en date&nbsp;? Ce n\u2019est pas difficile, selon les notes de police transmises au ministre de l\u2019Int\u00e9rieur, il y en a toutes les semaines (Anderlecht, Schaerbeek, Molenbeek et consorts). Une centaine de motos et de quads. Il y a cinq ans, une manifestation de ce type aurait fait la une des m\u00e9dias. Aujourd\u2019hui il y en a tellement que la presse n\u2019y consacre que quelques lignes.<\/p>\n\n\n\n<p class=\"wp-block-paragraph\">Ces regroupements de v\u00e9hicules \u2013 essentiellement des motos de type \u00ab&nbsp;cross&nbsp;\u00bb, dont la conduite est interdite sur la voie publique \u2013 qui roulent \u00e0 tombeau ouvert ou r\u00e9alisent des \u00ab&nbsp;figures&nbsp;\u00bb dans l\u2019espace public, en g\u00e9n\u00e9ral \u00e0 proximit\u00e9 des quartiers \u00ab&nbsp;difficiles&nbsp;\u00bb. Cette pratique est devenue un sympt\u00f4me des tensions et des faiblesses de notre soci\u00e9t\u00e9.<\/p>\n\n\n\n<p class=\"wp-block-paragraph\">M\u00ealant vitesse excessive, concentration de v\u00e9hicules et spectacle acrobatique, le rod\u00e9o urbain constitue un danger \u00e9vident, pour les auteurs eux-m\u00eames comme pour leur environnement imm\u00e9diat.<\/p>\n\n\n\n<p class=\"wp-block-paragraph\">Ce fl\u00e9au urbain c\u2019est le cauchemar de la saison estivale. Avec les beaux jours, les rod\u00e9os bourgeonnent. C\u2019est une strat\u00e9gie d\u2019appropriation du territoire. Les \u00ab&nbsp;rod\u00e9istes&nbsp;\u00bb veulent dire qu\u2019ils partout chez eux.<\/p>\n\n\n\n<p class=\"wp-block-paragraph\">Techniquement, l\u2019intervention polici\u00e8re est toujours compliqu\u00e9e. Les motos, par d\u00e9finition, sont tr\u00e8s mobile, difficiles \u00e0 suivre, notamment en voiture. Si les policiers essaient d\u2019intercepter le v\u00e9hicule et que le pilote se blesse ou se tue, c\u2019est lourd de cons\u00e9quences, comme l\u2019actualit\u00e9 de ces jours derniers le donne assez \u00e0 voir.<\/p>\n\n\n\n<p class=\"wp-block-paragraph\">Mais si les policiers ne font rien et que le rod\u00e9iste renverse un pi\u00e9ton, c\u2019est pareil, on leur tombe dessus en leur demandant ce qu\u2019ils fabriquent. Sans surprise, des consignes ont \u00e9t\u00e9 donn\u00e9es ces jours-ci pour que les interventions visant \u00e0 stopper les rod\u00e9os, qui sont d\u00e9j\u00e0 effectu\u00e9es avec beaucoup de prudence, soient temporairement suspendues. Nos politiciens apeur\u00e9s ne voulant pas verser de l\u2019huile sur le feu.<\/p>\n\n\n\n<p class=\"wp-block-paragraph\">Ensuite, quand bien m\u00eame les fautifs seraient appr\u00e9hend\u00e9s, il y a le volet judiciaire. Si le nombre de condamnations pour participation \u00e0 un rod\u00e9o a doubl\u00e9 en trois ans, cela prouve davantage la fr\u00e9quence du ph\u00e9nom\u00e8ne que la s\u00e9v\u00e9rit\u00e9 de la justice, les peines pr\u00e9vues ne semblant pas de nature \u00e0 endiguer quoi que ce soit. Notre code p\u00e9nal est plut\u00f4t laxiste et, en outre, il n\u2019est m\u00eame pas correctement appliqu\u00e9. La loi reste essentiellement d\u00e9clarative\u2026<\/p>\n\n\n\n<p class=\"wp-block-paragraph\">Pour rem\u00e9dier \u00e0 cette impuissance quasi assum\u00e9e par l\u2019\u00c9tat, \u00ab<mark style=\"background-color:rgba(0, 0, 0, 0);color:#ff6900\" class=\"has-inline-color\">Mouvement Droite Moderniste<\/mark>\u00a0\u00bb (<mark style=\"background-color:rgba(0, 0, 0, 0);color:#ff6900\" class=\"has-inline-color\">MDM<\/mark>\u00a0: nouvelle formation politique) propose au contraire d\u2019oser v\u00e9ritablement le recours \u00e0 la force.<\/p>\n\n\n\n<p class=\"wp-block-paragraph\">La solution s\u2019appelle le \u00ab&nbsp;contact tactique&nbsp;\u00bb. En gros, il faut r\u00e9ussir \u00e0 aiguiller le motard qui fait du rod\u00e9o dans une direction o\u00f9, forc\u00e9 de ralentir ou de s\u2019arr\u00eater, il permettra aux forces de l\u2019ordre d\u2019intervenir. La man\u0153uvre, d\u00e9licate, n\u00e9cessite une habilitation, mais elle a fait ses preuves, notamment au Royaume-Uni. Elle repose sur une balance b\u00e9n\u00e9fices\/risques assortie de la certitude que l\u2019int\u00e9grit\u00e9 physique du fauteur de troubles est moins fondamentale que celle des pi\u00e9tons (ou des policiers) qu\u2019il peut \u00eatre amen\u00e9 \u00e0 percuter.<\/p>\n\n\n\n<p class=\"wp-block-paragraph\">Entre avril 2023 \u00e0 mars 2024, 11102 v\u00e9hicules, dont 1758 deux-roues, ont \u00e9t\u00e9 ainsi poursuivis par la police britannique. Le contact tactique a \u00e9t\u00e9 utilis\u00e9 plus de 660 fois&nbsp;; aucun mort n\u2019est \u00e0 d\u00e9plorer et seuls 27 bless\u00e9s graves (police incluse) sont \u00e0 regretter.<\/p>\n\n\n\n<p class=\"wp-block-paragraph\">Clairement, le jeu en vaut la chandelle. D\u2019ailleurs, nous n\u2019avons pas le choix&nbsp;: si on continue \u00e0 ne pas punir, on sera condamn\u00e9s \u00e0 subir, encore et encore.<\/p>\n\n\n\n<p class=\"wp-block-paragraph\">D\u2019autant qu\u2019en vertu de cette logique perverse n\u00e9e de la peur de l\u2019\u00e9meute, plus un rod\u00e9o sera massif, violent, dangereux, moins il aura de chances d\u2019\u00eatre interrompu&nbsp;!<\/p>\n\n\n\n<p class=\"wp-block-paragraph\">Un signal d\u00e9sastreux, envoy\u00e9 tant aux voyous qu\u2019aux familles des victimes qui, il faut le rappeler, sont souvent des personnes vivant elles aussi dans les quartiers \u00ab&nbsp;difficiles&nbsp;\u00bb. Des voisins, des gens simples et anonymes que les ca\u00efds m\u00e9prisent.<\/p>\n\n\n\n<p class=\"wp-block-paragraph\">C\u2019est une r\u00e9alit\u00e9 qu\u2019il est important de rappeler, surtout en ce moment&nbsp;: la s\u00e9v\u00e9rit\u00e9 de la police ou de la justice n\u2019est pas dirig\u00e9e contre les quartiers \u00ab&nbsp;difficiles&nbsp;\u00bb. Elle est au contraire \u00e0 leur service. Au service de tous ceux qui veulent simplement pouvoir y vivre en paix.<\/p>\n","protected":false},"excerpt":{"rendered":"<p>Dans le climat extr\u00eamement tendu qui r\u00e8gne dans notre Royaume, les rod\u00e9os urbains, constituent autant d\u2019\u00e9tincelles \u00e0 m\u00eame de ranimer l\u2019incendie. Le&nbsp; dernier en date&nbsp;? Ce n\u2019est pas difficile, selon les notes de police transmises au ministre de l\u2019Int\u00e9rieur, il y en a toutes les semaines (Anderlecht, Schaerbeek, Molenbeek et consorts). Une centaine de motos [&hellip;]<\/p>\n","protected":false},"author":1,"featured_media":0,"comment_status":"open","ping_status":"open","sticky":false,"template":"","format":"standard","meta":{"_monsterinsights_skip_tracking":false,"_uf_show_specific_survey":0,"_uf_disable_surveys":false,"footnotes":""},"categories":[32],"tags":[],"class_list":["post-1580","post","type-post","status-publish","format-standard","hentry","category-securite-publique"],"_links":{"self":[{"href":"https:\/\/droitemoderniste.be\/index.php\/wp-json\/wp\/v2\/posts\/1580","targetHints":{"allow":["GET"]}}],"collection":[{"href":"https:\/\/droitemoderniste.be\/index.php\/wp-json\/wp\/v2\/posts"}],"about":[{"href":"https:\/\/droitemoderniste.be\/index.php\/wp-json\/wp\/v2\/types\/post"}],"author":[{"embeddable":true,"href":"https:\/\/droitemoderniste.be\/index.php\/wp-json\/wp\/v2\/users\/1"}],"replies":[{"embeddable":true,"href":"https:\/\/droitemoderniste.be\/index.php\/wp-json\/wp\/v2\/comments?post=1580"}],"version-history":[{"count":1,"href":"https:\/\/droitemoderniste.be\/index.php\/wp-json\/wp\/v2\/posts\/1580\/revisions"}],"predecessor-version":[{"id":1582,"href":"https:\/\/droitemoderniste.be\/index.php\/wp-json\/wp\/v2\/posts\/1580\/revisions\/1582"}],"wp:attachment":[{"href":"https:\/\/droitemoderniste.be\/index.php\/wp-json\/wp\/v2\/media?parent=1580"}],"wp:term":[{"taxonomy":"category","embeddable":true,"href":"https:\/\/droitemoderniste.be\/index.php\/wp-json\/wp\/v2\/categories?post=1580"},{"taxonomy":"post_tag","embeddable":true,"href":"https:\/\/droitemoderniste.be\/index.php\/wp-json\/wp\/v2\/tags?post=1580"}],"curies":[{"name":"wp","href":"https:\/\/api.w.org\/{rel}","templated":true}]}}