{"id":1559,"date":"2025-10-11T09:42:17","date_gmt":"2025-10-11T07:42:17","guid":{"rendered":"https:\/\/droitemoderniste.be\/?p=1559"},"modified":"2025-10-11T09:42:17","modified_gmt":"2025-10-11T07:42:17","slug":"la-belgique-orange-mecanique","status":"publish","type":"post","link":"https:\/\/droitemoderniste.be\/index.php\/2025\/10\/11\/la-belgique-orange-mecanique\/","title":{"rendered":"La Belgique \u00ab\u00a0Orange M\u00e9canique\u00a0\u00bb"},"content":{"rendered":"\n<figure class=\"wp-block-image size-full\"><img loading=\"lazy\" decoding=\"async\" width=\"284\" height=\"177\" src=\"https:\/\/droitemoderniste.be\/wp-content\/uploads\/2025\/10\/orange-mecanique.jpg\" alt=\"\" class=\"wp-image-1560\"\/><\/figure>\n\n\n\n<p class=\"wp-block-paragraph\">Le politique vit dans un monde fantasm\u00e9 d\u2019Alice au pays des merveilles.<\/p>\n\n\n\n<p class=\"wp-block-paragraph\">Le policier, lui ou elle, vit dans la r\u00e9alit\u00e9 quotidienne, un monde sombre&nbsp;: \u00e9meutes, feux, agresseurs, violeurs, tueurs, haine\u2026<\/p>\n\n\n\n<p class=\"wp-block-paragraph\">Les policiers ont une vue plus r\u00e9aliste de l\u2019\u00e9tat de la paix civile, de l\u2019ordre public dans notre royaume, et de l\u2019\u00e9tat de d\u00e9labrement de la nation belge&nbsp;: ils et elles voient, vivent, un pays abasourdi par la haine de ses propres r\u00e9sidents (enfants).<\/p>\n\n\n\n<p class=\"wp-block-paragraph\">Les politiques, eux et elles, connaissent la v\u00e9rit\u00e9&nbsp;: tous les matins le ministre de l\u2019Int\u00e9rieur lit les notes de police et celles-ci refl\u00e8tent une situation tr\u00e8s pessimiste.<\/p>\n\n\n\n<p class=\"wp-block-paragraph\">Le politique conna\u00eet la v\u00e9rit\u00e9 mais il pr\u00e9f\u00e8re mentir \u00e0 la population en g\u00e9n\u00e9ral, \u00e0 ses \u00e9lecteurs en particulier, en leur pr\u00e9sentant une r\u00e9alit\u00e9 alternative&nbsp;: l\u2019illusoire \u00ab&nbsp;vivre ensemble&nbsp;\u00bb.<\/p>\n\n\n\n<p class=\"wp-block-paragraph\">Le politique vante une soci\u00e9t\u00e9 telle qu\u2019elle devrait \u00eatre id\u00e9alement. Le policier d\u00e9crit la soci\u00e9t\u00e9 telle qu\u2019elle est r\u00e9ellement.<\/p>\n\n\n\n<p class=\"wp-block-paragraph\">Les notes de police le r\u00e9v\u00e8lent tous les jours&nbsp;: les rapports entre les gens sont tr\u00e8s durs, les gens ne veulent pas vivre ensemble. Et la part de responsabilit\u00e9 de l\u2019immigration est \u00e9norme. Un ministre de l\u2019Int\u00e9rieur un tant soit peu r\u00e9aliste a de quoi \u00eatre pr\u00e9occup\u00e9 et est en droit de craindre une partition, une s\u00e9cession.<\/p>\n\n\n\n<p class=\"wp-block-paragraph\">Combien de temps reste-t-il avant qu\u2019il ne soit trop tard&nbsp;? C\u2019est difficile \u00e0 estimer, mais disons que d\u2019ici cinq ans, la situation pourrait devenir irr\u00e9versible\u2026<\/p>\n\n\n\n<p class=\"wp-block-paragraph\">Nous devrions d\u00e9j\u00e0 avoir honte d\u2019assister au sacrifice de policiers, de pompiers, de m\u00e9decins, d\u2019urgentistes, d\u2019infirmiers et d\u2019infirmi\u00e8res, dans une jungle urbaine emplie de d\u00e9g\u00e9n\u00e9rescence.<\/p>\n\n\n\n<p class=\"wp-block-paragraph\">Nous devrions avoir honte pour les responsables publics et les citoyens complices qui laissent faire et\/ou qui ne punissent pas, pour ne pas stigmatiser une population d\u00e9favoris\u00e9e ou une communaut\u00e9 turbulente.<\/p>\n\n\n\n<p class=\"wp-block-paragraph\">Nous sommes collectivement coupables de tous ces quartiers abandonn\u00e9s \u00e0 leurs ca\u00efds, et d\u2019avoir renonc\u00e9 \u00e0 l\u2019autorit\u00e9 et \u00e0 la d\u00e9fense de notre identit\u00e9. Nous sommes coupables de notre l\u00e2chet\u00e9 et d\u2019avoir laiss\u00e9 advenir la soci\u00e9t\u00e9 du \u00ab&nbsp;tout tout de suite&nbsp;\u00bb et du&nbsp;tout est d\u00fb.<\/p>\n\n\n\n<p class=\"wp-block-paragraph\">De plus en plus de citoyens se voient d\u00e9ni\u00e9s par leurs ministres ce pourtant irr\u00e9pressible sentiment d\u2019ins\u00e9curit\u00e9.<\/p>\n\n\n\n<p class=\"wp-block-paragraph\">L\u2019inversion des valeurs triomphe quand la morale perd face \u00e0 la crapulerie, le travail face \u00e0 l\u2019assistanat, quand l\u2019impunit\u00e9 absout les voyous, quand l\u2019id\u00e9ologie engloutit le bon sens, quand le beau, le vrai et le juste ne veulent plus rien dire pour trop d\u2019entre nous.<\/p>\n\n\n\n<p class=\"wp-block-paragraph\">Dans un pays o\u00f9 les obligations de quitter le territoire belge (OQTB) ne sont presque jamais ex\u00e9cut\u00e9es, o\u00f9 les gens du voyage violent et d\u00e9gradent les propri\u00e9t\u00e9s priv\u00e9es, et o\u00f9 les agresseurs mineurs n\u2019\u00e9copent que de sursis probatoires, la loi perd sa force, le droit perd la face, la politique est une farce.<\/p>\n\n\n\n<p class=\"wp-block-paragraph\">Avec des politiciens dans le d\u00e9ni, par calcul politique, la Belgique a la naus\u00e9e, sans doute surmont\u00e9e par une col\u00e8re et une d\u00e9termination m\u00eal\u00e9e d\u2019espoir, mais nourrie par la peur et le d\u00e9go\u00fbt. Nous allons continuer \u00e0 voir ce que nous craignons de voir&nbsp;: m\u00e9diath\u00e8ques en feu, \u00e9coles saccag\u00e9es, tramways incendi\u00e9s, voitures vandalis\u00e9es, caillass\u00e9es ou encastr\u00e9e dans une grande surface, policiers en civil ou en uniforme lynch\u00e9s, commissariats en feu, quartiers transform\u00e9s en volcan, distributeurs automatiques attaqu\u00e9s \u00e0 la disqueuse.<\/p>\n\n\n\n<p class=\"wp-block-paragraph\">La racaille r\u00f4de partout, \u00e0 visages d\u00e9couverts. Demain, elle se victimisera de nouveau en hurlant aux contr\u00f4les au faci\u00e8s, mais tous les incendiaires urbains ont tous la m\u00eame d\u00e9gaine.<\/p>\n\n\n\n<p class=\"wp-block-paragraph\">La carte de Belgique de l\u2019ensauvagement ne conna\u00eet plus aucun angle mort cardinal. Le p\u00e9ril est gigantesque. Il y a de quoi \u00eatre exasp\u00e9r\u00e9 des excuses sociales sempiternellement avanc\u00e9es par les \u00e9lus de la gauche progressiste (immigrationniste\u2026)&nbsp; pour les hordes de sauvages qui se r\u00e9pandent de plus en plus fr\u00e9quemment et de plus en plus violemment.<\/p>\n\n\n\n<p class=\"wp-block-paragraph\">Nous rencontrons bien plus qu\u2019un probl\u00e8me avec les r\u00e9seaux sociaux ou les jeux vid\u00e9o. Nos codes sociaux sont litt\u00e9ralement aspir\u00e9s dans la ba\u00efne de nos abdications\u00a0: cela s\u2019appelle une crise de civilisation. La n\u00f4tre ne parle pas \u00e0 ceux qui veulent faire s\u00e9cession. Ils rejettent l\u2019\u00c9tat, la belgitude et le Royaume. Une s\u00e9cession nihiliste, absurde, \u00e9manant d\u2019une contre-culture et sans autre projet que de tuer le mod\u00e8le que nous proposons.<\/p>\n\n\n\n<p class=\"wp-block-paragraph\">Pour ajouter au supplice, la presse progressiste se gausse, l\u2019ONU nous r\u00e9clame de nous pencher sur les \u00ab&nbsp;profonds probl\u00e8mes de racisme&nbsp;\u00bb de nos forces de l\u2019ordre, tandis que nous devons reconstruire nos supermarch\u00e9s, nos \u00e9coles, nos commissariats, et notre dignit\u00e9 nationale. Avec cette question lancinante&nbsp;: avons-nous encore les moyens de r\u00e9sister&nbsp;?<\/p>\n\n\n\n<p class=\"wp-block-paragraph\">Il y a une seule r\u00e9ponse acceptable \u00e0 cette trag\u00e9die, obtenir les conditions que cela ne puisse plus se reproduire. Au \u00ab\u00a0<mark style=\"background-color:rgba(0, 0, 0, 0);color:#ff6900\" class=\"has-inline-color\">Mouvement Droite Moderniste\u00a0<\/mark>\u00bb (<mark style=\"background-color:rgba(0, 0, 0, 0);color:#ff6900\" class=\"has-inline-color\">MDM<\/mark>, nouvelle formation politique) nous y veillerons et nous y travaillerons.<\/p>\n\n\n\n<p class=\"wp-block-paragraph\"><\/p>\n","protected":false},"excerpt":{"rendered":"<p>Le politique vit dans un monde fantasm\u00e9 d\u2019Alice au pays des merveilles. Le policier, lui ou elle, vit dans la r\u00e9alit\u00e9 quotidienne, un monde sombre&nbsp;: \u00e9meutes, feux, agresseurs, violeurs, tueurs, haine\u2026 Les policiers ont une vue plus r\u00e9aliste de l\u2019\u00e9tat de la paix civile, de l\u2019ordre public dans notre royaume, et de l\u2019\u00e9tat de d\u00e9labrement [&hellip;]<\/p>\n","protected":false},"author":1,"featured_media":0,"comment_status":"open","ping_status":"open","sticky":false,"template":"","format":"standard","meta":{"_monsterinsights_skip_tracking":false,"_uf_show_specific_survey":0,"_uf_disable_surveys":false,"footnotes":""},"categories":[32],"tags":[],"class_list":["post-1559","post","type-post","status-publish","format-standard","hentry","category-securite-publique"],"_links":{"self":[{"href":"https:\/\/droitemoderniste.be\/index.php\/wp-json\/wp\/v2\/posts\/1559","targetHints":{"allow":["GET"]}}],"collection":[{"href":"https:\/\/droitemoderniste.be\/index.php\/wp-json\/wp\/v2\/posts"}],"about":[{"href":"https:\/\/droitemoderniste.be\/index.php\/wp-json\/wp\/v2\/types\/post"}],"author":[{"embeddable":true,"href":"https:\/\/droitemoderniste.be\/index.php\/wp-json\/wp\/v2\/users\/1"}],"replies":[{"embeddable":true,"href":"https:\/\/droitemoderniste.be\/index.php\/wp-json\/wp\/v2\/comments?post=1559"}],"version-history":[{"count":1,"href":"https:\/\/droitemoderniste.be\/index.php\/wp-json\/wp\/v2\/posts\/1559\/revisions"}],"predecessor-version":[{"id":1561,"href":"https:\/\/droitemoderniste.be\/index.php\/wp-json\/wp\/v2\/posts\/1559\/revisions\/1561"}],"wp:attachment":[{"href":"https:\/\/droitemoderniste.be\/index.php\/wp-json\/wp\/v2\/media?parent=1559"}],"wp:term":[{"taxonomy":"category","embeddable":true,"href":"https:\/\/droitemoderniste.be\/index.php\/wp-json\/wp\/v2\/categories?post=1559"},{"taxonomy":"post_tag","embeddable":true,"href":"https:\/\/droitemoderniste.be\/index.php\/wp-json\/wp\/v2\/tags?post=1559"}],"curies":[{"name":"wp","href":"https:\/\/api.w.org\/{rel}","templated":true}]}}