{"id":1537,"date":"2025-10-09T12:20:48","date_gmt":"2025-10-09T10:20:48","guid":{"rendered":"https:\/\/droitemoderniste.be\/?p=1537"},"modified":"2025-10-09T12:20:48","modified_gmt":"2025-10-09T10:20:48","slug":"les-contribuables-belges-et-europeens-nont-pas-a-financer-la-guerre-en-ukraine","status":"publish","type":"post","link":"https:\/\/droitemoderniste.be\/index.php\/2025\/10\/09\/les-contribuables-belges-et-europeens-nont-pas-a-financer-la-guerre-en-ukraine\/","title":{"rendered":"Les contribuables belges et europ\u00e9ens n\u2019ont pas \u00e0 financer la guerre en Ukraine !"},"content":{"rendered":"\n<figure class=\"wp-block-image size-full\"><img loading=\"lazy\" decoding=\"async\" width=\"704\" height=\"396\" src=\"https:\/\/droitemoderniste.be\/wp-content\/uploads\/2025\/10\/gouffre-financier1.webp\" alt=\"\" class=\"wp-image-1538\" srcset=\"https:\/\/droitemoderniste.be\/wp-content\/uploads\/2025\/10\/gouffre-financier1.webp 704w, https:\/\/droitemoderniste.be\/wp-content\/uploads\/2025\/10\/gouffre-financier1-300x169.webp 300w\" sizes=\"auto, (max-width: 704px) 100vw, 704px\" \/><\/figure>\n\n\n\n<p class=\"wp-block-paragraph\">L\u2019UE entend prolonger ind\u00e9finiment le financement des transferts d\u2019armes vers l\u2019Ukraine et son soutien \u00e0 la formation militaire des troupes ukrainiennes.<\/p>\n\n\n\n<p class=\"wp-block-paragraph\">En Belgique, on rabote les pensions, on \u00e9conomise sur les allocations de ch\u00f4mage, on rationne les allocations familiales et les remboursements de soins, nos h\u00f4pitaux sont en crise, nous manquons d\u2019ambulances, nos pompiers et notre s\u00e9curit\u00e9 civile manquent de mat\u00e9riel et de fonds, notre arm\u00e9e n\u2019a plus de munitions (nos arsenaux sont vides), nous manquons de m\u00e9dicaments, notre s\u00e9curit\u00e9 sociale prend l\u2019eau de partout, nos dettes publiques ont crev\u00e9 le plafond (nos trois r\u00e9gions sont surendett\u00e9es) mais nos gouvernants ont doubl\u00e9 la participation (cotisation) de la Belgique aux instances internationales (ONU, FMI, FAO, UNESCO, UE\u2026) et maintenant utilisent l\u2019argent des contribuables pour financer une guerre ne concernant ni la Belgique, ni l\u2019UE.<br>On prend l\u2019argent des pauvres pour financer la guerre en Ukraine.<\/p>\n\n\n\n<p class=\"wp-block-paragraph\">Les pensionn\u00e9s et les ch\u00f4meurs devront se serrer encore plus la ceinture, parce que l\u2019argent qui devrait moralement, l\u00e9galement (contrat politique), socialement (paix sociale), leur revenir va plut\u00f4t servir les int\u00e9r\u00eats des instances internationales et du complexe militaro-industriel impliqu\u00e9 en Ukraine.<\/p>\n\n\n\n<p class=\"wp-block-paragraph\">Le bien-\u00eatre et m\u00eame la survie des populations pr\u00e9caris\u00e9es belges valent nettement moins que l\u2019honneur et l\u2019int\u00e9grit\u00e9 territoriale de l\u2019Ukraine.<\/p>\n\n\n\n<p class=\"wp-block-paragraph\">Nos dirigeants n\u2019ont apparemment que deux pr\u00e9occupations en t\u00eate passer \u00e0 la t\u00e9l\u00e9 et se prendre en selfie avec le pr\u00e9sident Zelensky, le sort des mis\u00e9reux en Belgique ne les int\u00e9resse pas\u2026sauf au moment des \u00e9lections.<\/p>\n\n\n\n<p class=\"wp-block-paragraph\">Pour eux, sanctionner les pauvres en leur retirant de l\u2019argent qu\u2019ils pourront donner \u00e0 \u00ab <em>Mister handshaker<\/em> \u00bb, l\u2019influenceur de l\u2019ann\u00e9e, Volodymyr Zelensky, pour continuer sa guerre au lieu d\u2019entamer des n\u00e9gociations de paix, est du pur bonheur m\u00e9diatique \u2026<\/p>\n\n\n\n<p class=\"wp-block-paragraph\">Ces dizaines de milliards d\u2019euros que le gouvernement trouve pour abonder les organisations internationales et le financement de la poursuite de la guerre en Ukraine pourquoi ne les trouve-t-il pas pour am\u00e9liorer le sort des populations de plus en plus pr\u00e9caris\u00e9es en Belgique ?<\/p>\n","protected":false},"excerpt":{"rendered":"<p>L\u2019UE entend prolonger ind\u00e9finiment le financement des transferts d\u2019armes vers l\u2019Ukraine et son soutien \u00e0 la formation militaire des troupes ukrainiennes. En Belgique, on rabote les pensions, on \u00e9conomise sur les allocations de ch\u00f4mage, on rationne les allocations familiales et les remboursements de soins, nos h\u00f4pitaux sont en crise, nous manquons d\u2019ambulances, nos pompiers et [&hellip;]<\/p>\n","protected":false},"author":1,"featured_media":0,"comment_status":"open","ping_status":"open","sticky":false,"template":"","format":"standard","meta":{"_monsterinsights_skip_tracking":false,"_uf_show_specific_survey":0,"_uf_disable_surveys":false,"footnotes":""},"categories":[12],"tags":[],"class_list":["post-1537","post","type-post","status-publish","format-standard","hentry","category-finances-publiques"],"_links":{"self":[{"href":"https:\/\/droitemoderniste.be\/index.php\/wp-json\/wp\/v2\/posts\/1537","targetHints":{"allow":["GET"]}}],"collection":[{"href":"https:\/\/droitemoderniste.be\/index.php\/wp-json\/wp\/v2\/posts"}],"about":[{"href":"https:\/\/droitemoderniste.be\/index.php\/wp-json\/wp\/v2\/types\/post"}],"author":[{"embeddable":true,"href":"https:\/\/droitemoderniste.be\/index.php\/wp-json\/wp\/v2\/users\/1"}],"replies":[{"embeddable":true,"href":"https:\/\/droitemoderniste.be\/index.php\/wp-json\/wp\/v2\/comments?post=1537"}],"version-history":[{"count":1,"href":"https:\/\/droitemoderniste.be\/index.php\/wp-json\/wp\/v2\/posts\/1537\/revisions"}],"predecessor-version":[{"id":1539,"href":"https:\/\/droitemoderniste.be\/index.php\/wp-json\/wp\/v2\/posts\/1537\/revisions\/1539"}],"wp:attachment":[{"href":"https:\/\/droitemoderniste.be\/index.php\/wp-json\/wp\/v2\/media?parent=1537"}],"wp:term":[{"taxonomy":"category","embeddable":true,"href":"https:\/\/droitemoderniste.be\/index.php\/wp-json\/wp\/v2\/categories?post=1537"},{"taxonomy":"post_tag","embeddable":true,"href":"https:\/\/droitemoderniste.be\/index.php\/wp-json\/wp\/v2\/tags?post=1537"}],"curies":[{"name":"wp","href":"https:\/\/api.w.org\/{rel}","templated":true}]}}