{"id":1512,"date":"2025-10-08T12:37:44","date_gmt":"2025-10-08T10:37:44","guid":{"rendered":"https:\/\/droitemoderniste.be\/?p=1512"},"modified":"2025-10-08T12:37:44","modified_gmt":"2025-10-08T10:37:44","slug":"le-slogan-politique-vivre-ensemble-ne-peut-plus-masquer-la-regression-culturelle-et-sociale-du-peuple-belge","status":"publish","type":"post","link":"https:\/\/droitemoderniste.be\/index.php\/2025\/10\/08\/le-slogan-politique-vivre-ensemble-ne-peut-plus-masquer-la-regression-culturelle-et-sociale-du-peuple-belge\/","title":{"rendered":"Le slogan politique \u00ab\u00a0Vivre ensemble\u00a0\u00bb ne peut plus masquer la r\u00e9gression culturelle et sociale du peuple belge"},"content":{"rendered":"\n<figure class=\"wp-block-image size-full\"><img loading=\"lazy\" decoding=\"async\" width=\"284\" height=\"177\" src=\"https:\/\/droitemoderniste.be\/wp-content\/uploads\/2025\/10\/musulmans-Belgique.jpeg\" alt=\"\" class=\"wp-image-1514\"\/><\/figure>\n\n\n\n<p class=\"wp-block-paragraph\">Le mod\u00e8le du\u00a0 \u00ab\u00a0Vivre ensemble\u00a0\u00bb n\u2019ayant plus de r\u00e9alit\u00e9 tangible (si tant est qu\u2019il en ait eu un jour) dans notre soci\u00e9t\u00e9 \u00e9miett\u00e9e laisse la place libre \u00e0 une r\u00e9gression vers les regroupements ethniques et culturels.<\/p>\n\n\n\n<p class=\"wp-block-paragraph\">La r\u00e9gression identitaire, ce n\u2019est pas seulement celle du \u00ab&nbsp;petit blanc, patriarcal, colonial, \u00e9go\u00efste, r\u00e9actionnaire&nbsp;\u00bb, c\u2019est aussi celle de toutes les populations immigr\u00e9es qui affichent toutes sans exception la fiert\u00e9 de leur propre identit\u00e9 culturelle et ethnique, \u00e0 commencer par les communaut\u00e9s marocaine et turque de Belgique.<\/p>\n\n\n\n<p class=\"wp-block-paragraph\">Que signifie l\u2019antith\u00e8se \u00ab\u00a0Vivre-ensemble\u00a0\u00bb pour la plupart des Belges\u00a0? C\u2019est forc\u00e9ment une r\u00e9f\u00e9rence abstraite, puisque de la Belgique une et indivisible de 1830 (l\u2019\u00c9tat-nation avait pour devise nationale \u00ab\u00a0L\u2019union fait la force\u00a0\u00bb), le Royaume s\u2019est \u00ab\u00a0d\u00e9sunifi\u00e9\u00a0\u00bb en trois R\u00e9gions-nations, ou plus exactement trois R\u00e9gions-communaut\u00e9s.<\/p>\n\n\n\n<p class=\"wp-block-paragraph\">Et celles-ci sont \u00e0 leur tour en train d\u2019\u00eatre divis\u00e9es par les forces centrifuges de plusieurs communaut\u00e9s issues de l\u2019immigration (toutes aspir\u00e9es par le mod\u00e8le communautaire) et&nbsp; d\u2019une infinit\u00e9 de groupes socioculturels contradictoires de plus en plus revendicatifs de toutes sortes de droits et de repr\u00e9sentation parlementaire.<\/p>\n\n\n\n<p class=\"wp-block-paragraph\">Un gouvernement f\u00e9d\u00e9ral, plus des gouvernements r\u00e9gionaux, plus encore des gouvernements communautaires pour d\u00e9concentrer les politiques publiques afin de les faire revenir aux r\u00e9alit\u00e9s des territoires et des communaut\u00e9s nationales originelles (flamande, francophone, germanophone)&nbsp;: pourquoi pas, mais en revanche cela nous prive des principes et des symboles de reconqu\u00eate du \u00ab&nbsp;sens commun&nbsp;\u00bb.<\/p>\n\n\n\n<p class=\"wp-block-paragraph\">La fragilit\u00e9 de nos \u00e9ph\u00e9m\u00e8res coalitions gouvernementales montre \u00e0 l\u2019envi combien notre \u00ab&nbsp;particratie&nbsp;\u00bb end\u00e9mique nuit \u00e0 tout effort de p\u00e9dagogie et de reconqu\u00eate culturelle d\u2019un \u00ab&nbsp;sens commun&nbsp;\u00bb. La particratie ne construit rien, elle se contente de vider le pays de sa substance.<\/p>\n\n\n\n<p class=\"wp-block-paragraph\">La particratie, pour se maintenir (\u00e0 tout prix), s\u2019excelle \u00e0 puiser dans la manne publique, essentiellement pour acheter la paix sociale&nbsp;: en distribuant \u00e0 tire larigot des subsides et subventions en tous genres, pour tous et pour tout. Sans emp\u00eacher la d\u00e9sint\u00e9gration du pays, au contraire elle l\u2019acc\u00e9l\u00e8re m\u00eame, puisque notre endettement public et priv\u00e9 explose.<\/p>\n\n\n\n<p class=\"wp-block-paragraph\">Nous vivons en permanence dans un \u00e9tat schizophr\u00e9nique (c\u2019est peut-\u00eatre pour cela que nous nous distinguons comme la \u00ab&nbsp;Patrie du surr\u00e9alisme&nbsp;\u00bb) o\u00f9 l\u2019on pr\u00f4ne le vivre-ensemble, alors que tout, \u00e0 l\u2019\u00e9chelon institutionnel, comme \u00e0 l\u2019\u00e9chelon soci\u00e9tal, montre que nous ne vivons pas ensemble mais les uns \u00e0 c\u00f4t\u00e9 des autres (sans vision commune, sans projet commun), ou plut\u00f4t (\u00e9tant donn\u00e9 l\u2019exig\u00fcit\u00e9 de notre pays) les uns agglutin\u00e9s aux autres\u2026 de plus en plus nombreux.<\/p>\n\n\n\n<p class=\"wp-block-paragraph\">Par ailleurs, que signifie le \u00ab&nbsp;Vivre-ensemble&nbsp;\u00bb pour des gamins des quartiers \u00e0 forte population immigr\u00e9e n\u00e9s au XXIe si\u00e8cle, enferm\u00e9s dans l\u2019univers cloisonn\u00e9 de leurs quartiers et dans le communautarisme qui s\u2019y d\u00e9veloppe au galop, d\u00e9pourvus de perspective d\u2019ascension sociale, hors de la contre-soci\u00e9t\u00e9 du trafic de drogue, et conditionn\u00e9s aux valeurs de l\u2019individualisme le plus sauvage par l\u2019instinct de survie comme par les m\u00e9dias culturels qui les impr\u00e8gnent, que ce soit le rap, les jeux vid\u00e9o ou les r\u00e9seaux sociaux&nbsp;?<\/p>\n\n\n\n<p class=\"wp-block-paragraph\">Toute leur construction symbolique se fait \u00e0 peu pr\u00e8s \u00e0 l\u2019oppos\u00e9 de ce que sont les valeurs de la citoyennet\u00e9 belge et que l\u2019\u00e9cole essaie tant bien que mal de leur inculquer, sans aucun succ\u00e8s. Dans cette soci\u00e9t\u00e9 des \u00ab&nbsp;quartiers&nbsp;\u00bb, le Royaume (la gouvernance de la d\u00e9mocratie parlementaire belge)&nbsp; n\u2019est qu\u2019un concept \u00e9trange, un mot, une illusion, un privil\u00e8ge des autres, les \u00ab&nbsp;Belges&nbsp;\u00bb, des autres quartiers.<\/p>\n\n\n\n<p class=\"wp-block-paragraph\">Le mal-\u00eatre belge ne ronge pas que les quartiers aujourd\u2019hui en \u00e9bullition, et l\u2019on en voit quotidiennement la marque, \u00e0 travers le processus de \u00ab&nbsp;d\u00e9civilit\u00e9&nbsp;\u00bb qui pourrit notre (soi-disant) \u00abvivre-ensemble&nbsp;\u00bb.<\/p>\n\n\n\n<p class=\"wp-block-paragraph\">L\u2019incantation aux valeurs belges suscite&nbsp;au mieux l\u2019indiff\u00e9rence, au pire le rejet de la part d\u2019une grande partie des habitants, notamment parmi les plus d\u00e9sh\u00e9rit\u00e9s. Les communaut\u00e9s allochtones (issues de l\u2019immigration) sont en majorit\u00e9 imperm\u00e9ables \u00e0 la \u00ab&nbsp;belgitude&nbsp;\u00bb (culture et civilit\u00e9 belges) mais \u00e9tonnamment tr\u00e8s perm\u00e9ables aux servitudes belges (les valeurs purement mat\u00e9rielles, c.\u00e0.d. les esp\u00e8ces sonnantes et tr\u00e9buchantes qui leur sont g\u00e9n\u00e9reusement vers\u00e9es sous forme d\u2019allocations diverses).<\/p>\n\n\n\n<p class=\"wp-block-paragraph\">La Belgique, contrairement \u00e0 la France, n\u2019est pas une et indivisible, elle est \u00ab&nbsp;archipellis\u00e9e&nbsp;\u00bb par le r\u00e9gionalisme et le localisme o\u00f9 prosp\u00e8rent gouvernement f\u00e9d\u00e9ral, gouvernement r\u00e9gionaux, gouvernements communautaires.<\/p>\n\n\n\n<p class=\"wp-block-paragraph\">Bref, un mod\u00e8le \u00e9clat\u00e9, et en voie de l\u2019\u00eatre davantage depuis les \u00e9lections de 2024&nbsp;: des partis phares (grands et petits) gouvernementaux incapables de se mettre d\u2019accord (de se coaliser) pour former un gouvernement r\u00e9gional \u00e0 Bruxelles, des politiciens de pacotille incapables de ne plus s\u2019insulter (alors qu\u2019ils devraient incarner l\u2019exemple m\u00eame du \u00ab&nbsp;Vivre ensemble&nbsp;\u00bb). Et si les Flamands n\u2019obtiennent pas bient\u00f4t le conf\u00e9d\u00e9ralisme, la r\u00e9volution prendra le pas&nbsp;: elle partira de leur communaut\u00e9 pour contaminer les autres communaut\u00e9s r\u00e9gionales du Royaume.<\/p>\n","protected":false},"excerpt":{"rendered":"<p>Le mod\u00e8le du\u00a0 \u00ab\u00a0Vivre ensemble\u00a0\u00bb n\u2019ayant plus de r\u00e9alit\u00e9 tangible (si tant est qu\u2019il en ait eu un jour) dans notre soci\u00e9t\u00e9 \u00e9miett\u00e9e laisse la place libre \u00e0 une r\u00e9gression vers les regroupements ethniques et culturels. La r\u00e9gression identitaire, ce n\u2019est pas seulement celle du \u00ab&nbsp;petit blanc, patriarcal, colonial, \u00e9go\u00efste, r\u00e9actionnaire&nbsp;\u00bb, c\u2019est aussi celle de [&hellip;]<\/p>\n","protected":false},"author":1,"featured_media":0,"comment_status":"open","ping_status":"open","sticky":false,"template":"","format":"standard","meta":{"_monsterinsights_skip_tracking":false,"_uf_show_specific_survey":0,"_uf_disable_surveys":false,"footnotes":""},"categories":[33],"tags":[],"class_list":["post-1512","post","type-post","status-publish","format-standard","hentry","category-belgitude"],"_links":{"self":[{"href":"https:\/\/droitemoderniste.be\/index.php\/wp-json\/wp\/v2\/posts\/1512","targetHints":{"allow":["GET"]}}],"collection":[{"href":"https:\/\/droitemoderniste.be\/index.php\/wp-json\/wp\/v2\/posts"}],"about":[{"href":"https:\/\/droitemoderniste.be\/index.php\/wp-json\/wp\/v2\/types\/post"}],"author":[{"embeddable":true,"href":"https:\/\/droitemoderniste.be\/index.php\/wp-json\/wp\/v2\/users\/1"}],"replies":[{"embeddable":true,"href":"https:\/\/droitemoderniste.be\/index.php\/wp-json\/wp\/v2\/comments?post=1512"}],"version-history":[{"count":1,"href":"https:\/\/droitemoderniste.be\/index.php\/wp-json\/wp\/v2\/posts\/1512\/revisions"}],"predecessor-version":[{"id":1515,"href":"https:\/\/droitemoderniste.be\/index.php\/wp-json\/wp\/v2\/posts\/1512\/revisions\/1515"}],"wp:attachment":[{"href":"https:\/\/droitemoderniste.be\/index.php\/wp-json\/wp\/v2\/media?parent=1512"}],"wp:term":[{"taxonomy":"category","embeddable":true,"href":"https:\/\/droitemoderniste.be\/index.php\/wp-json\/wp\/v2\/categories?post=1512"},{"taxonomy":"post_tag","embeddable":true,"href":"https:\/\/droitemoderniste.be\/index.php\/wp-json\/wp\/v2\/tags?post=1512"}],"curies":[{"name":"wp","href":"https:\/\/api.w.org\/{rel}","templated":true}]}}