{"id":1434,"date":"2025-10-04T14:33:46","date_gmt":"2025-10-04T12:33:46","guid":{"rendered":"https:\/\/droitemoderniste.be\/?p=1434"},"modified":"2025-10-04T14:33:46","modified_gmt":"2025-10-04T12:33:46","slug":"defendons-letat-providence-belge","status":"publish","type":"post","link":"https:\/\/droitemoderniste.be\/index.php\/2025\/10\/04\/defendons-letat-providence-belge\/","title":{"rendered":"D\u00e9fendons l\u2019\u00c9tat-providence belge!"},"content":{"rendered":"\n<figure class=\"wp-block-image size-full\"><img loading=\"lazy\" decoding=\"async\" width=\"262\" height=\"192\" src=\"https:\/\/droitemoderniste.be\/wp-content\/uploads\/2025\/10\/Etat-providence.jpg\" alt=\"\" class=\"wp-image-1435\"\/><\/figure>\n\n\n\n<p class=\"wp-block-paragraph\">Le <mark style=\"background-color:rgba(0, 0, 0, 0);color:#ff6900\" class=\"has-inline-color\">Mouvement Droite Moderniste (MDM)<\/mark> int\u00e8gre la d\u00e9fense de l\u2019\u00c9tat-providence dans son programme politique en adoptant une approche social-lib\u00e9rale modernis\u00e9e, ax\u00e9e sur la protection sociale fond\u00e9e sur la responsabilit\u00e9 individuelle et la solidarit\u00e9 inclusive.<\/p>\n\n\n\n<p class=\"wp-block-paragraph\">Le <mark style=\"background-color:rgba(0, 0, 0, 0);color:#ff6900\" class=\"has-inline-color\">MDM<\/mark> \u00a0d\u00e9fend un renforcement du socle universel de protection sociale tout en promouvant des m\u00e9canismes d\u2019activation sociale et professionnelle, notamment la formation et l\u2019accompagnement au retour \u00e0 l\u2019emploi.<\/p>\n\n\n\n<p class=\"wp-block-paragraph\">De plus, le <mark style=\"background-color:rgba(0, 0, 0, 0);color:#ff6900\" class=\"has-inline-color\">MDM<\/mark> propose de r\u00e9former le financement de la s\u00e9curit\u00e9 sociale pour diversifier ses ressources au-del\u00e0 des seules cotisations sur l\u2019emploi, tout en am\u00e9liorant la gouvernance des op\u00e9rateurs sociaux pour garantir transparence et efficience.<\/p>\n\n\n\n<p class=\"wp-block-paragraph\">Cette approche permet de concilier solidarit\u00e9 et modernit\u00e9, en adaptant l\u2019\u00c9tat-providence aux \u00e9volutions \u00e9conomiques et sociales contemporaines tout en maintenant son r\u00f4le central comme garant de la coh\u00e9sion sociale en Belgique.<\/p>\n\n\n\n<p class=\"wp-block-paragraph\">Pour pr\u00e9server la s\u00e9curit\u00e9 sociale, plusieurs mesures concr\u00e8tes sont propos\u00e9es : diversifier les modes de financement, simplifier et automatiser l\u2019acc\u00e8s aux droits sociaux, augmenter et indexer les allocations sociales au-dessus du seuil de pauvret\u00e9, \u00e9tendre la couverture des droits sociaux \u00e0 des besoins modernes et sociaux inclusifs (logement, \u00e9nergie, alimentation), et assurer une meilleure \u00e9galit\u00e9 de traitement entre statuts professionnels tout en mobilisant la soci\u00e9t\u00e9 civile dans la gouvernance.<\/p>\n\n\n\n<p class=\"wp-block-paragraph\">Ces mesures peuvent \u00eatre financ\u00e9es sans augmenter les cotisations salariales par plusieurs leviers : taxer davantage les revenus du capital et les grandes fortunes, instaurer une fiscalit\u00e9 environnementale affect\u00e9e, lutter contre la fraude et l\u2019optimisation fiscale abusive, affecter de nouvelles recettes fiscales comme certaines taxes sur la consommation ou le num\u00e9rique, et recourir \u00e0 des r\u00e9mun\u00e9rations alternatives (ch\u00e8ques-repas, assurances groupe) qui optimisent le pouvoir d\u2019achat sans alourdir les charges sociales.<\/p>\n\n\n\n<p class=\"wp-block-paragraph\">Pour d\u00e9fendre l\u2019\u00c9tat-providence, le <mark style=\"background-color:rgba(0, 0, 0, 0);color:#ff6900\" class=\"has-inline-color\">MDM<\/mark> cherchera \u00e0 former une large alliance incluant les partis sociaux-d\u00e9mocrates, \u00e9cologistes, et les forces lib\u00e9rales sociales, qui partagent une vision r\u00e9formiste conciliant solidarit\u00e9 et responsabilit\u00e9 \u00e9conomique. Ces alliances seraient renforc\u00e9es par la coop\u00e9ration avec la soci\u00e9t\u00e9 civile, les syndicats, et les ONG sociales, permettant de cr\u00e9er un front commun transversal et pragmatique face aux d\u00e9fis financiers et sociaux.<\/p>\n\n\n\n<p class=\"wp-block-paragraph\">Enfin, les compromis fiscaux pour concilier social-lib\u00e9ralisme et services publics se traduisent par un all\u00e8gement cibl\u00e9 de la fiscalit\u00e9 sur les bas et moyens salaires combin\u00e9 \u00e0 un renforcement de la fiscalit\u00e9 sur le capital, la fortune, et les transactions financi\u00e8res.<\/p>\n\n\n\n<p class=\"wp-block-paragraph\">La fiscalit\u00e9 environnementale jouera aussi un r\u00f4le majeur, notamment par la suppression progressive des subsides aux \u00e9nergies fossiles et la mise en place d\u2019\u00e9cotaxes, tout en rendant le syst\u00e8me plus simple, progressif et transparent. Ce cadre fiscal \u00e9quilibr\u00e9 permettra de financer durablement les services publics et de pr\u00e9server l\u2019\u00c9tat-providence sans fragiliser les dynamiques \u00e9conomiques ni alourdir la pression fiscale sur les travailleurs.<\/p>\n","protected":false},"excerpt":{"rendered":"<p>Le Mouvement Droite Moderniste (MDM) int\u00e8gre la d\u00e9fense de l\u2019\u00c9tat-providence dans son programme politique en adoptant une approche social-lib\u00e9rale modernis\u00e9e, ax\u00e9e sur la protection sociale fond\u00e9e sur la responsabilit\u00e9 individuelle et la solidarit\u00e9 inclusive. Le MDM \u00a0d\u00e9fend un renforcement du socle universel de protection sociale tout en promouvant des m\u00e9canismes d\u2019activation sociale et professionnelle, notamment [&hellip;]<\/p>\n","protected":false},"author":1,"featured_media":0,"comment_status":"open","ping_status":"open","sticky":false,"template":"","format":"standard","meta":{"_monsterinsights_skip_tracking":false,"_uf_show_specific_survey":0,"_uf_disable_surveys":false,"footnotes":""},"categories":[29,10],"tags":[],"class_list":["post-1434","post","type-post","status-publish","format-standard","hentry","category-etat","category-securite-sociale"],"_links":{"self":[{"href":"https:\/\/droitemoderniste.be\/index.php\/wp-json\/wp\/v2\/posts\/1434","targetHints":{"allow":["GET"]}}],"collection":[{"href":"https:\/\/droitemoderniste.be\/index.php\/wp-json\/wp\/v2\/posts"}],"about":[{"href":"https:\/\/droitemoderniste.be\/index.php\/wp-json\/wp\/v2\/types\/post"}],"author":[{"embeddable":true,"href":"https:\/\/droitemoderniste.be\/index.php\/wp-json\/wp\/v2\/users\/1"}],"replies":[{"embeddable":true,"href":"https:\/\/droitemoderniste.be\/index.php\/wp-json\/wp\/v2\/comments?post=1434"}],"version-history":[{"count":1,"href":"https:\/\/droitemoderniste.be\/index.php\/wp-json\/wp\/v2\/posts\/1434\/revisions"}],"predecessor-version":[{"id":1436,"href":"https:\/\/droitemoderniste.be\/index.php\/wp-json\/wp\/v2\/posts\/1434\/revisions\/1436"}],"wp:attachment":[{"href":"https:\/\/droitemoderniste.be\/index.php\/wp-json\/wp\/v2\/media?parent=1434"}],"wp:term":[{"taxonomy":"category","embeddable":true,"href":"https:\/\/droitemoderniste.be\/index.php\/wp-json\/wp\/v2\/categories?post=1434"},{"taxonomy":"post_tag","embeddable":true,"href":"https:\/\/droitemoderniste.be\/index.php\/wp-json\/wp\/v2\/tags?post=1434"}],"curies":[{"name":"wp","href":"https:\/\/api.w.org\/{rel}","templated":true}]}}