{"id":1420,"date":"2025-10-04T10:34:07","date_gmt":"2025-10-04T08:34:07","guid":{"rendered":"https:\/\/droitemoderniste.be\/?p=1420"},"modified":"2025-10-04T10:34:07","modified_gmt":"2025-10-04T08:34:07","slug":"la-faiblesse-du-taux-dexecution-des-oqtb-cristallise-un-sentiment-dimpuissance-publique","status":"publish","type":"post","link":"https:\/\/droitemoderniste.be\/index.php\/2025\/10\/04\/la-faiblesse-du-taux-dexecution-des-oqtb-cristallise-un-sentiment-dimpuissance-publique\/","title":{"rendered":"La faiblesse du taux d\u2019ex\u00e9cution des OQTB cristallise un sentiment d\u2019impuissance publique"},"content":{"rendered":"\n<figure class=\"wp-block-image size-full\"><img loading=\"lazy\" decoding=\"async\" width=\"864\" height=\"486\" src=\"https:\/\/droitemoderniste.be\/wp-content\/uploads\/2025\/10\/accueil-migrants.jpeg\" alt=\"\" class=\"wp-image-1421\" srcset=\"https:\/\/droitemoderniste.be\/wp-content\/uploads\/2025\/10\/accueil-migrants.jpeg 864w, https:\/\/droitemoderniste.be\/wp-content\/uploads\/2025\/10\/accueil-migrants-300x169.jpeg 300w, https:\/\/droitemoderniste.be\/wp-content\/uploads\/2025\/10\/accueil-migrants-768x432.jpeg 768w\" sizes=\"auto, (max-width: 864px) 100vw, 864px\" \/><\/figure>\n\n\n\n<p class=\"wp-block-paragraph\">Certaines dispositions f\u00e9d\u00e9rales doivent \u00eatre corrig\u00e9es. Le droit europ\u00e9en ne nous aide d\u2019ailleurs pas beaucoup aujourd\u2019hui. Une directive impose de permettre \u00e0 l\u2019\u00e9tranger en situation irr\u00e9guli\u00e8re la possibilit\u00e9 d\u2019un d\u00e9part volontaire.<\/p>\n\n\n\n<p class=\"wp-block-paragraph\">Concr\u00e8tement, cela ouvre un d\u00e9lai entre la prise de l\u2019OQTB et le moment o\u00f9 le d\u00e9part est impos\u00e9 et ce d\u00e9lai est une opportunit\u00e9 pour dispara\u00eetre dans la nature. Pour les \u00e9trangers d\u00e9linquants, les peines compl\u00e9mentaires \u00e0 l\u2019issue d\u2019une peine de prison sont, elles, beaucoup plus efficaces pour assurer&nbsp; les reconduites \u00e0 la fronti\u00e8re.<\/p>\n\n\n\n<p class=\"wp-block-paragraph\">Enfin, des pays refusent de mani\u00e8re d\u00e9lib\u00e9r\u00e9e de d\u00e9livrer des laissez-passer consulaires et de reprendre leurs ressortissants. On peut donc prendre toutes les OQTB qu\u2019on veut, elles seront tr\u00e8s peu ex\u00e9cut\u00e9es (actuellement 2 % seulement le sont).<\/p>\n\n\n\n<p class=\"wp-block-paragraph\">Cela dit, un certain nombre de non-ex\u00e9cution d\u2019OQTB r\u00e9sulte de d\u00e9fauts dans notre organisation et de moyens insuffisants&nbsp;: nous pouvons donc faire mieux. Mais, quand m\u00eame, se fixer un objectif de 100 % des OQTB est irr\u00e9aliste aujourd\u2019hui.<\/p>\n\n\n\n<p class=\"wp-block-paragraph\">Au vu des dispositifs juridiques et des relations que nous avons avec les pays d\u2019origine et de destination des clandestins, ce n\u2019est pas, et de loin, atteignable. Et \u00e7a n\u2019est pas r\u00e9jouissant. Reconduire tous les \u00e9trangers en situation irr\u00e9guli\u00e8re dans leur pays, c\u2019est indispensable de penser qu\u2019il faut le faire, mais la funeste v\u00e9rit\u00e9 c\u2019est qu\u2019aujourd\u2019hui nous avons trop peu d\u2019instruments qui nous le permettent.<\/p>\n\n\n\n<p class=\"wp-block-paragraph\">La guerre des visas est, en principe, d\u00e9j\u00e0 une bonne guerre pour obtenir des laissez-passer. C\u2019est un instrument important mais qui n\u2019est pas de nature \u00e0 lui seul \u00e0 obtenir un r\u00e9sultat durable. Si on l\u2019utilise de fa\u00e7on trop syst\u00e9matique, on se prive aussi de la capacit\u00e9 de coop\u00e9rer avec les pays en question. Un jour, on peut avoir besoin de leur vote \u00e0 l\u2019ONU. Un jour, on peut avoir besoin de r\u00e9gler une question de s\u00e9curit\u00e9 en bilat\u00e9ral avec eux. Une fois qu\u2019on a dit \u00e7a, il ne faut pas h\u00e9siter, parfois, \u00e0 faire jouer le rapport de force.<\/p>\n\n\n\n<p class=\"wp-block-paragraph\">Nous devons am\u00e9liorer la politique de coop\u00e9ration et de d\u00e9veloppement \u00e0 l\u2019\u00e9gard des pays de d\u00e9part \u2013 parlons plut\u00f4t de partenariat \u00e9conomique et pas seulement \u00e0 l\u2019\u00e9chelle d\u2019un &nbsp;pays&nbsp;: de continent \u00e0 continent. Ensuite, il faut aussi r\u00e9former et davantage int\u00e9grer notre politique europ\u00e9enne.<\/p>\n\n\n\n<p class=\"wp-block-paragraph\">Il faut revoir les accords de Dublin et les directives qui s\u2019appliquent en mati\u00e8re de s\u00e9jour ou en mati\u00e8re de reconduite \u00e0 la fronti\u00e8re, organiser des contr\u00f4les beaucoup plus stricts aux fronti\u00e8res europ\u00e9ennes, faire circuler de fa\u00e7on beaucoup plus fluide entre \u00c9tats les informations sur les \u00e9trangers qui entrent et sortent de l\u2019Europe.<\/p>\n","protected":false},"excerpt":{"rendered":"<p>Certaines dispositions f\u00e9d\u00e9rales doivent \u00eatre corrig\u00e9es. Le droit europ\u00e9en ne nous aide d\u2019ailleurs pas beaucoup aujourd\u2019hui. Une directive impose de permettre \u00e0 l\u2019\u00e9tranger en situation irr\u00e9guli\u00e8re la possibilit\u00e9 d\u2019un d\u00e9part volontaire. Concr\u00e8tement, cela ouvre un d\u00e9lai entre la prise de l\u2019OQTB et le moment o\u00f9 le d\u00e9part est impos\u00e9 et ce d\u00e9lai est une opportunit\u00e9 [&hellip;]<\/p>\n","protected":false},"author":1,"featured_media":0,"comment_status":"open","ping_status":"open","sticky":false,"template":"","format":"standard","meta":{"_monsterinsights_skip_tracking":false,"_uf_show_specific_survey":0,"_uf_disable_surveys":false,"footnotes":""},"categories":[1],"tags":[],"class_list":["post-1420","post","type-post","status-publish","format-standard","hentry","category-immigration"],"_links":{"self":[{"href":"https:\/\/droitemoderniste.be\/index.php\/wp-json\/wp\/v2\/posts\/1420","targetHints":{"allow":["GET"]}}],"collection":[{"href":"https:\/\/droitemoderniste.be\/index.php\/wp-json\/wp\/v2\/posts"}],"about":[{"href":"https:\/\/droitemoderniste.be\/index.php\/wp-json\/wp\/v2\/types\/post"}],"author":[{"embeddable":true,"href":"https:\/\/droitemoderniste.be\/index.php\/wp-json\/wp\/v2\/users\/1"}],"replies":[{"embeddable":true,"href":"https:\/\/droitemoderniste.be\/index.php\/wp-json\/wp\/v2\/comments?post=1420"}],"version-history":[{"count":1,"href":"https:\/\/droitemoderniste.be\/index.php\/wp-json\/wp\/v2\/posts\/1420\/revisions"}],"predecessor-version":[{"id":1422,"href":"https:\/\/droitemoderniste.be\/index.php\/wp-json\/wp\/v2\/posts\/1420\/revisions\/1422"}],"wp:attachment":[{"href":"https:\/\/droitemoderniste.be\/index.php\/wp-json\/wp\/v2\/media?parent=1420"}],"wp:term":[{"taxonomy":"category","embeddable":true,"href":"https:\/\/droitemoderniste.be\/index.php\/wp-json\/wp\/v2\/categories?post=1420"},{"taxonomy":"post_tag","embeddable":true,"href":"https:\/\/droitemoderniste.be\/index.php\/wp-json\/wp\/v2\/tags?post=1420"}],"curies":[{"name":"wp","href":"https:\/\/api.w.org\/{rel}","templated":true}]}}