{"id":1409,"date":"2025-10-03T11:05:25","date_gmt":"2025-10-03T09:05:25","guid":{"rendered":"https:\/\/droitemoderniste.be\/?p=1409"},"modified":"2025-10-03T11:05:25","modified_gmt":"2025-10-03T09:05:25","slug":"haro-sur-limmigration-du-fait-accompli","status":"publish","type":"post","link":"https:\/\/droitemoderniste.be\/index.php\/2025\/10\/03\/haro-sur-limmigration-du-fait-accompli\/","title":{"rendered":"Haro sur l&rsquo;immigration du fait accompli!"},"content":{"rendered":"\n<figure class=\"wp-block-image size-full\"><img loading=\"lazy\" decoding=\"async\" width=\"275\" height=\"183\" src=\"https:\/\/droitemoderniste.be\/wp-content\/uploads\/2025\/10\/asile2.jpg\" alt=\"\" class=\"wp-image-1410\"\/><\/figure>\n\n\n\n<p class=\"wp-block-paragraph\">La nation belge n\u2019est pas (encore) morte et il nous appartient en tant que nation de dire qui nous sommes et qui nous voulons accepter sur notre territoire.<br>Il nous faut reprendre le contr\u00f4le.<\/p>\n\n\n\n<p class=\"wp-block-paragraph\">Dans une bonne d\u00e9mocratie comme la Belgique, nous ne pouvons pas nous satisfaire d\u2019une immigration subie.<br>Le choix doit \u00eatre fait par nous.<br>Consciemment.<br>D\u00e9mocratiquement.<\/p>\n\n\n\n<p class=\"wp-block-paragraph\">Nous sommes inquiets face \u00e0 l\u2019obscurantisme religieux qui concerne principalement l\u2019islam aujourd\u2019hui.<br>Nous rappelons que fermer les yeux ou refuser d\u2019affronter les questions migratoires, les interrogations sur notre identit\u00e9 et sur le soi-disant vivre ensemble (une l\u00e9gende urbaine gauchiste) qui en d\u00e9coulent, les communautarismes toujours plus forts (la preuve flagrante que le \u00ab vivre ensemble \u00bb est une illusion), s\u2019apparentent aujourd\u2019hui \u00e0 une forme d\u2019irresponsabilit\u00e9 crasse.<\/p>\n\n\n\n<p class=\"wp-block-paragraph\">La crise migratoire nous sommes en plein dedans mais le pire est devant nous.<\/p>\n\n\n\n<p class=\"wp-block-paragraph\">Quels sont les changements r\u00e9cents qui annoncent la crise ?<br>Nous avons v\u00e9cu depuis le d\u00e9but des ann\u00e9es 2000 une acc\u00e9l\u00e9ration tr\u00e8s forte de l\u2019augmentation du nombre d\u2019\u00e9trangers en Belgique, comme dans toute l\u2019Europe.<br>Entre 1970 et 2000, en trente ans, on est pass\u00e9 de 6,7 \u00e0 7,7 % d\u2019\u00e9trangers en Belgique. Puis, entre 2000 et 2020, de 7,7 \u00e0 12,7 %. En 2025, 13,8% (environ 1,63 million) sont des non-Belges, c\u2019est-\u00e0-dire des personnes r\u00e9sidant en Belgique sans nationalit\u00e9 belge (*)<\/p>\n\n\n\n<p class=\"wp-block-paragraph\">La provenance g\u00e9ographique des \u00e9trangers, elle aussi, a chang\u00e9. On estime que sur la p\u00e9riode 2000 \u2013 2020, la proportion d\u2019\u00e9trangers provenant d\u2019Afrique du Nord et d\u2019Afrique subsaharienne est pass\u00e9e de 19 % \u00e0 26 % du total d\u2019\u00e9trangers.<\/p>\n\n\n\n<p class=\"wp-block-paragraph\">Pendant cette p\u00e9riode, la population belge a augment\u00e9 de 9 % et le nombre d\u2019\u00e9trangers a augment\u00e9 de 54 %.<br>Et rien dans cette \u00e9volution ne correspond \u00e0 un choix politique ou \u00e0 une d\u00e9cision que nous aurions prise.<br>C\u2019est une immigration du fait accompli.<\/p>\n\n\n\n<p class=\"wp-block-paragraph\">Cette augmentation rapide du nombre d\u2019\u00e9trangers en Belgique participe amplement \u00e0 l\u2019embolie de beaucoup de nos services publics.<br>Un exemple : pr\u00e8s de 50 % de l\u2019activit\u00e9 administrative de la Cour d\u2019appel de Bruxelles est li\u00e9e au droit des \u00e9trangers.<br><br>Soyons factuels : cela signifie que dans un certain nombre d\u2019endroits, les services publics ne peuvent plus fonctionner parce qu\u2019ils sont d\u00e9pass\u00e9s par la pris en charge d\u2019un grand nombre d\u2019\u00e9trangers.<\/p>\n\n\n\n<p class=\"wp-block-paragraph\">Il en va de m\u00eame pour le logement d\u2019urgence dans toutes les grandes villes belges.<br>On n\u2019a jamais mis autant de logements \u00e0 disposition et pourtant, la situation est celle d&rsquo;une embolie de par le nombre d\u2019\u00e9trangers \u00e0 h\u00e9berger.<\/p>\n\n\n\n<p class=\"wp-block-paragraph\">\u00c9voquons aussi la scolarisation dans un certain nombre de quartiers d\u2019enfants dont tr\u00e8s peu parlent le fran\u00e7ais ou le n\u00e9erlandais.<br>On pr\u00e9f\u00e8rerait peut-\u00eatre d\u00e9crire une autre r\u00e9alit\u00e9, mais c\u2019est celle v\u00e9cue par nos services publics !<\/p>\n\n\n\n<p class=\"wp-block-paragraph\">L\u2019opinion aussi a \u00e9volu\u00e9, sept Belges sur dix estiment qu\u2019il y a trop d\u2019immigr\u00e9s.<br>Le d\u00e9bat sur l\u2019immigration est ancien, r\u00e9current, mais il s\u2019inscrit dans une r\u00e9alit\u00e9 nouvelle.<\/p>\n\n\n\n<p class=\"wp-block-paragraph\">Avec trois non-dits au c\u0153ur du probl\u00e8me.<br>D\u2019abord, on dit qu\u2019on veut moins d\u2019\u00e9trangers en Belgique mais lorsqu\u2019un certain nombre de nos concitoyens le disent, ils visent en r\u00e9alit\u00e9 des personnes qui sont administrativement belges, parfois depuis trois g\u00e9n\u00e9rations.<br>Ce n\u2019est pas le contr\u00f4le de l\u2019entr\u00e9e des \u00e9trangers en Belgique qui r\u00e8glera ce probl\u00e8me.<br>C\u2019est un sujet d\u2019int\u00e9gration, d\u2019\u00e9ducation, de civisme.<\/p>\n\n\n\n<p class=\"wp-block-paragraph\">Le deuxi\u00e8me non-dit concerne l\u2019islam et l&rsquo;islamisme. Peu de Belges consid\u00e8rent qu\u2019il y a trop d\u2019immigr\u00e9s ukrainiens, mais il y a beaucoup de Belges pour qui la question de l\u2019islamisation est devenue un sujet: un sujet central, un sujet inqui\u00e9tant, un sujet obs\u00e9dant.<\/p>\n\n\n\n<p class=\"wp-block-paragraph\">Enfin, il y a le non-dit du travail.<br>Beaucoup de Belges trouvent qu\u2019il y a trop d\u2019\u00e9trangers en Belgique, mais dans les restaurants des grandes villes de nos trois r\u00e9gions, dans l\u2019industrie touristique, dans le secteur agricole, dans toute une s\u00e9rie de secteurs \u00e9conomiques qui ne sont pas en crise et qui sont indispensables \u00e0 la r\u00e9ussite belge, on se repose sur un nombre d\u2019\u00e9trangers tout \u00e0 fait impressionnant.<\/p>\n\n\n\n<p class=\"wp-block-paragraph\">Si on ne regarde pas ces non-dits en face, on a peu de chances d\u2019apporter des solutions cr\u00e9dibles et durables et de parler aux Belges.<\/p>\n\n\n\n<p class=\"wp-block-paragraph\">Les instruments dont nous disposons fonctionnent mal.<br>La politique d\u2019asile ne fonctionne pas bien du tout, nous ne sommes d\u2019ailleurs m\u00eame pas s\u00fbr que nous ayons une v\u00e9ritable politique d\u2019asile.<\/p>\n\n\n\n<p class=\"wp-block-paragraph\">L\u2019instruction des dossiers est trop longue, les d\u00e9cisions sont biais\u00e9es (le taux d\u2019acceptation du statut de r\u00e9fugi\u00e9 est anormalement trop \u00e9lev\u00e9) et interviennent trop tard, l\u2019accompagnement de ceux que nous avons choisi d\u2019accueillir est mal calibr\u00e9 et attire par effet miroir beaucoup d\u2019autres demandeurs d\u2019asile, y compris au sein de l\u2019espace Schengen.<\/p>\n\n\n\n<p class=\"wp-block-paragraph\">En outre, les Obligations de quitter le territoire belge (OQTB) ne sont que tr\u00e8s rarement ex\u00e9cut\u00e9es : seulement environ 2% des d\u00e9bout\u00e9s du droit d&rsquo;asile sont extrad\u00e9s.<\/p>\n\n\n\n<p class=\"wp-block-paragraph\">(*) Pr\u00e9cisions:<\/p>\n\n\n\n<p class=\"wp-block-paragraph\">\u2022 64% de la population (environ 7,57 millions) sont des Belges d&rsquo;origine belge.<br>\u2022 22,1% (environ 2,62 millions) sont des Belges d&rsquo;origine \u00e9trang\u00e8re, souvent des personnes ayant acquis la nationalit\u00e9 belge ou n\u00e9es de parents \u00e9trangers.<br>\u2022 Les \u00e9trangers d\u2019Afrique du Nord constituent autour de 17% du total des \u00e9trangers vivant en Belgique.<br>\u2022 Les \u00e9trangers provenant d\u2019Afrique subsaharienne correspondent \u00e0 pr\u00e8s de 9% de l\u2019ensemble des \u00e9trangers en Belgique.<\/p>\n\n\n\n<p class=\"wp-block-paragraph\">En Wallonie, la part totale des \u00e9trangers issus de tout le continent africain atteint 15,3%, ce qui inclut \u00e0 la fois l\u2019Afrique du Nord et l\u2019Afrique subsaharienne.<br>A l&rsquo;\u00e9chelle nationale, ces proportions restent similaires mais avec une pr\u00e9dominance europ\u00e9enne (61,8% des \u00e9trangers sont originaires de l\u2019UE), ce qui fait de la provenance africaine la seconde origine principale apr\u00e8s l\u2019Europe.<\/p>\n\n\n\n<p class=\"wp-block-paragraph\">En r\u00e9sum\u00e9, environ 17% des \u00e9trangers r\u00e9sident en Belgique sont originaires d\u2019Afrique du Nord et environ 9% viennent d\u2019Afrique subsaharienne, soit ensemble pr\u00e8s de 26% du total des \u00e9trangers pr\u00e9sents dans le pays en 2025.<br>(Sources Statbel.gov, iweps)<\/p>\n","protected":false},"excerpt":{"rendered":"<p>La nation belge n\u2019est pas (encore) morte et il nous appartient en tant que nation de dire qui nous sommes et qui nous voulons accepter sur notre territoire.Il nous faut reprendre le contr\u00f4le. Dans une bonne d\u00e9mocratie comme la Belgique, nous ne pouvons pas nous satisfaire d\u2019une immigration subie.Le choix doit \u00eatre fait par nous.Consciemment.D\u00e9mocratiquement. [&hellip;]<\/p>\n","protected":false},"author":1,"featured_media":0,"comment_status":"open","ping_status":"open","sticky":false,"template":"","format":"standard","meta":{"_monsterinsights_skip_tracking":false,"_uf_show_specific_survey":0,"_uf_disable_surveys":false,"footnotes":""},"categories":[1],"tags":[],"class_list":["post-1409","post","type-post","status-publish","format-standard","hentry","category-immigration"],"_links":{"self":[{"href":"https:\/\/droitemoderniste.be\/index.php\/wp-json\/wp\/v2\/posts\/1409","targetHints":{"allow":["GET"]}}],"collection":[{"href":"https:\/\/droitemoderniste.be\/index.php\/wp-json\/wp\/v2\/posts"}],"about":[{"href":"https:\/\/droitemoderniste.be\/index.php\/wp-json\/wp\/v2\/types\/post"}],"author":[{"embeddable":true,"href":"https:\/\/droitemoderniste.be\/index.php\/wp-json\/wp\/v2\/users\/1"}],"replies":[{"embeddable":true,"href":"https:\/\/droitemoderniste.be\/index.php\/wp-json\/wp\/v2\/comments?post=1409"}],"version-history":[{"count":1,"href":"https:\/\/droitemoderniste.be\/index.php\/wp-json\/wp\/v2\/posts\/1409\/revisions"}],"predecessor-version":[{"id":1411,"href":"https:\/\/droitemoderniste.be\/index.php\/wp-json\/wp\/v2\/posts\/1409\/revisions\/1411"}],"wp:attachment":[{"href":"https:\/\/droitemoderniste.be\/index.php\/wp-json\/wp\/v2\/media?parent=1409"}],"wp:term":[{"taxonomy":"category","embeddable":true,"href":"https:\/\/droitemoderniste.be\/index.php\/wp-json\/wp\/v2\/categories?post=1409"},{"taxonomy":"post_tag","embeddable":true,"href":"https:\/\/droitemoderniste.be\/index.php\/wp-json\/wp\/v2\/tags?post=1409"}],"curies":[{"name":"wp","href":"https:\/\/api.w.org\/{rel}","templated":true}]}}