{"id":1390,"date":"2025-10-02T11:02:26","date_gmt":"2025-10-02T09:02:26","guid":{"rendered":"https:\/\/droitemoderniste.be\/?p=1390"},"modified":"2025-10-02T11:02:26","modified_gmt":"2025-10-02T09:02:26","slug":"lanarchie-migratoire-et-la-desesperance-des-belges","status":"publish","type":"post","link":"https:\/\/droitemoderniste.be\/index.php\/2025\/10\/02\/lanarchie-migratoire-et-la-desesperance-des-belges\/","title":{"rendered":"L&rsquo;anarchie migratoire et la d\u00e9sesp\u00e9rance des Belges"},"content":{"rendered":"\n<figure class=\"wp-block-image size-full\"><img loading=\"lazy\" decoding=\"async\" width=\"704\" height=\"396\" src=\"https:\/\/droitemoderniste.be\/wp-content\/uploads\/2025\/10\/Migrants-Lampedusa.webp\" alt=\"\" class=\"wp-image-1392\" srcset=\"https:\/\/droitemoderniste.be\/wp-content\/uploads\/2025\/10\/Migrants-Lampedusa.webp 704w, https:\/\/droitemoderniste.be\/wp-content\/uploads\/2025\/10\/Migrants-Lampedusa-300x169.webp 300w\" sizes=\"auto, (max-width: 704px) 100vw, 704px\" \/><\/figure>\n\n\n\n<p class=\"wp-block-paragraph\">L\u2019anarchie migratoire et la d\u00e9sesp\u00e9rance des Belges face \u00e0 l\u2019inaction gouvernementale sont les meilleures chances de voir l\u2019\u00e9mergence d\u2019un nouveau parti politique apportant un message clair\u00a0: la Belgique doit changer de politique d\u2019immigration\u00a0!<\/p>\n\n\n\n<p class=\"wp-block-paragraph\">Et si ce nouveau parti&nbsp; avan\u00e7ait son propre projet de loi constitutionnelle ouvrant la voie \u00e0 un r\u00e9f\u00e9rendum sur le sujet, cela pourrait \u00eatre son premier troph\u00e9e.<\/p>\n\n\n\n<p class=\"wp-block-paragraph\">En fait, toute formation politique nouvelle hostile \u00e0 l\u2019immigration et installant la question migratoire dans l\u2019agenda politique (en vue des \u00e9lections l\u00e9gislatives de 2029) deviendra rapidement une force politique incontournable dans le paysage politique actuel.<\/p>\n\n\n\n<p class=\"wp-block-paragraph\">Et concevoir une nouvelle politique migratoire, moins \u00e9motionnelle et beaucoup plus rationnelle, est \u00e0 la port\u00e9e de tout le monde, il suffit de suivre l\u2019exemple d\u2019un autre petit royaume&nbsp;: le Danemark.<\/p>\n\n\n\n<p class=\"wp-block-paragraph\">Quand vous \u00eates au Danemark, vous vous sentez au Danemark, contrairement \u00e0 certains quartiers de Belgique o\u00f9 vous n\u2019avez plus l\u2019impression d\u2019\u00eatre dans votre pays mais dans un territoire occup\u00e9. <\/p>\n\n\n\n<p class=\"wp-block-paragraph\">Le Danemark veut rester le Danemark\u00a0! Son objectif est avant tout de pr\u00e9server son identit\u00e9, son mode de vie, sa culture, sa coh\u00e9sion nationale. Il lutte donc de mani\u00e8re implacable contre l\u2019immigration ill\u00e9gale. Cet objectif fait consensus dans la soci\u00e9t\u00e9 danoise.<\/p>\n\n\n\n<p class=\"wp-block-paragraph\">La gauche sociale-d\u00e9mocrate la plus intelligente et la plus performante d\u2019Europe est sans conteste la danoise \u00ab&nbsp;Socialdemokratiet&nbsp;\u00bb(dont est issue la Premi\u00e8re ministre Mette Frederiksen).<\/p>\n\n\n\n<p class=\"wp-block-paragraph\">Elle a op\u00e9r\u00e9 une salutaire mutation id\u00e9ologique et m\u00e8ne depuis dix ans une lutte f\u00e9roce contre l\u2019immigration. Gr\u00e2ce \u00e0 son pragmatisme et \u00e0 des propositions chocs mais consensuelles, le petit royaume scandinave pr\u00e9serve son mod\u00e8le social et culturel.<\/p>\n\n\n\n<p class=\"wp-block-paragraph\">Le rejet de l\u2019immigration, conforme aux v\u0153ux d\u2019une tr\u00e8s grande majorit\u00e9 de Danois, et tr\u00e8s bien compris par la gauche sociale-d\u00e9mocrate au pouvoir, s\u2019explique par plusieurs raisons. Pour comprendre la politique danoise, il faut prendre en compte les notions d\u2019\u00c9tat providence, d\u2019homog\u00e9n\u00e9it\u00e9 nationale et d\u2019anti-assistanat. <\/p>\n\n\n\n<p class=\"wp-block-paragraph\">Si les attentats de 2015 ont marqu\u00e9 la Belgique, c\u2019est tout aussi vrai au Danemark. L\u2019attentat contre l\u2019ambassade du Danemark au Pakistan, en 2008, o\u00f9 six personnes sont mortes, reste dans tous les esprits. Surtout dans un pays o\u00f9 le degr\u00e9 de confiance interpersonnelle est tr\u00e8s \u00e9lev\u00e9, \u00e0 hauteur de 56 %, deuxi\u00e8me en Europe derri\u00e8re la Finlande (57 %) et tr\u00e8s loin devant la Belgique (20 %)- ainsi, les Danois n\u2019h\u00e9sitent pas \u00e0 laisser leur v\u00e9lo dehors de nuit comme de jour.<\/p>\n\n\n\n<p class=\"wp-block-paragraph\">En ce sens, le consensus est la condition de toute communaut\u00e9. Accepter que l\u2019\u00c9tat pr\u00e9l\u00e8ve une part de vos revenus pour la redistribuer au profit d\u2019autres personnes suppose de reconna\u00eetre les autres personnes comme des membres de la m\u00eame communaut\u00e9. Dans le pays o\u00f9 la pression fiscale est la plus forte d\u2019Europe, pas question pour les Danois de donner leur argent \u00e0 des \u00e9trangers qui ne souhaitent pas s\u2019int\u00e9grer \u00e0 la communaut\u00e9 nationale.<\/p>\n\n\n\n<p class=\"wp-block-paragraph\">Comme en Belgique, les chiffres sont criants. Le taux d\u2019emploi des immigr\u00e9s extra-europ\u00e9ens est tr\u00e8s \u00e9loign\u00e9 de la moyenne danoise (82 %). Seulement 41 % pour les Somaliens (en Belgique seulement 31 % pour les Congolais) et 43 % pour les Irakiens (en Belgique seulement 34 % pour les Afghans et\u00a0 38 % pour les Syriens).<\/p>\n\n\n\n<p class=\"wp-block-paragraph\">Pour les faits de violence pour 10 000 habitants selon le pays d\u2019origine de leurs auteurs, ce n\u2019est pas glorieux non plus&nbsp;: 10,7 pour le Danemark contre 116 pour la Somalie, 95 pour le Liban (la majorit\u00e9 des personnes originaires de ce pays sont des Palestiniens apatrides) ou encore 55 pour le Maroc.<\/p>\n\n\n\n<p class=\"wp-block-paragraph\">Rien d\u2019\u00e9tonnant que le pays champion du bien-\u00eatre et recordman du <em>World Happiness Report<\/em> ne souhaite pas s\u2019embarrasser avec une immigration violente et qui ne travaille pas. Le Danemark peut donc se permettre d\u2019adopter une politique ferme.<\/p>\n\n\n\n<p class=\"wp-block-paragraph\">Au Danemark, ce n\u2019est pas l\u2019id\u00e9ologie qui pr\u00e9vaut mais le seul int\u00e9r\u00eat du pays&nbsp;!<\/p>\n","protected":false},"excerpt":{"rendered":"<p>L\u2019anarchie migratoire et la d\u00e9sesp\u00e9rance des Belges face \u00e0 l\u2019inaction gouvernementale sont les meilleures chances de voir l\u2019\u00e9mergence d\u2019un nouveau parti politique apportant un message clair\u00a0: la Belgique doit changer de politique d\u2019immigration\u00a0! Et si ce nouveau parti&nbsp; avan\u00e7ait son propre projet de loi constitutionnelle ouvrant la voie \u00e0 un r\u00e9f\u00e9rendum sur le sujet, cela [&hellip;]<\/p>\n","protected":false},"author":1,"featured_media":0,"comment_status":"open","ping_status":"open","sticky":false,"template":"","format":"standard","meta":{"_monsterinsights_skip_tracking":false,"_uf_show_specific_survey":0,"_uf_disable_surveys":false,"footnotes":""},"categories":[1],"tags":[],"class_list":["post-1390","post","type-post","status-publish","format-standard","hentry","category-immigration"],"_links":{"self":[{"href":"https:\/\/droitemoderniste.be\/index.php\/wp-json\/wp\/v2\/posts\/1390","targetHints":{"allow":["GET"]}}],"collection":[{"href":"https:\/\/droitemoderniste.be\/index.php\/wp-json\/wp\/v2\/posts"}],"about":[{"href":"https:\/\/droitemoderniste.be\/index.php\/wp-json\/wp\/v2\/types\/post"}],"author":[{"embeddable":true,"href":"https:\/\/droitemoderniste.be\/index.php\/wp-json\/wp\/v2\/users\/1"}],"replies":[{"embeddable":true,"href":"https:\/\/droitemoderniste.be\/index.php\/wp-json\/wp\/v2\/comments?post=1390"}],"version-history":[{"count":1,"href":"https:\/\/droitemoderniste.be\/index.php\/wp-json\/wp\/v2\/posts\/1390\/revisions"}],"predecessor-version":[{"id":1393,"href":"https:\/\/droitemoderniste.be\/index.php\/wp-json\/wp\/v2\/posts\/1390\/revisions\/1393"}],"wp:attachment":[{"href":"https:\/\/droitemoderniste.be\/index.php\/wp-json\/wp\/v2\/media?parent=1390"}],"wp:term":[{"taxonomy":"category","embeddable":true,"href":"https:\/\/droitemoderniste.be\/index.php\/wp-json\/wp\/v2\/categories?post=1390"},{"taxonomy":"post_tag","embeddable":true,"href":"https:\/\/droitemoderniste.be\/index.php\/wp-json\/wp\/v2\/tags?post=1390"}],"curies":[{"name":"wp","href":"https:\/\/api.w.org\/{rel}","templated":true}]}}