{"id":1337,"date":"2025-09-30T12:01:47","date_gmt":"2025-09-30T10:01:47","guid":{"rendered":"https:\/\/droitemoderniste.be\/?p=1337"},"modified":"2025-09-30T12:01:47","modified_gmt":"2025-09-30T10:01:47","slug":"programme-politique","status":"publish","type":"post","link":"https:\/\/droitemoderniste.be\/index.php\/2025\/09\/30\/programme-politique\/","title":{"rendered":"Programme politique"},"content":{"rendered":"\n<figure class=\"wp-block-image size-full\"><img loading=\"lazy\" decoding=\"async\" width=\"839\" height=\"420\" src=\"https:\/\/droitemoderniste.be\/wp-content\/uploads\/2025\/09\/10-things-you-need-to-know-in-markets-today-1.jpg\" alt=\"\" class=\"wp-image-1338\" srcset=\"https:\/\/droitemoderniste.be\/wp-content\/uploads\/2025\/09\/10-things-you-need-to-know-in-markets-today-1.jpg 839w, https:\/\/droitemoderniste.be\/wp-content\/uploads\/2025\/09\/10-things-you-need-to-know-in-markets-today-1-300x150.jpg 300w, https:\/\/droitemoderniste.be\/wp-content\/uploads\/2025\/09\/10-things-you-need-to-know-in-markets-today-1-768x384.jpg 768w\" sizes=\"auto, (max-width: 839px) 100vw, 839px\" \/><\/figure>\n\n\n\n<h4 class=\"wp-block-heading\">\ud83c\udde7\ud83c\uddea <strong>Mouvement Droite Moderniste (MDM)<\/strong><\/h4>\n\n\n\n<p class=\"wp-block-paragraph\"><strong>Esquisse de programme politique complet<\/strong><\/p>\n\n\n\n<p class=\"wp-block-paragraph\"><br>\ud83d\uddf3\ufe0f <em>Pour une Belgique moderne, forte, juste et souveraine.<\/em><\/p>\n\n\n\n<hr class=\"wp-block-separator has-alpha-channel-opacity\"\/>\n\n\n\n<h4 class=\"wp-block-heading\">\ud83d\udd37 1. <strong>Valeurs fondatrices du MDM<\/strong><\/h4>\n\n\n\n<h5 class=\"wp-block-heading\">\ud83e\udded Valeurs centrales<\/h5>\n\n\n\n<ul class=\"wp-block-list\">\n<li><strong>Modernisme soci\u00e9tal<\/strong> : D\u00e9fense de la la\u00efcit\u00e9, des libert\u00e9s individuelles, de l\u2019innovation sociale et des droits civiques dans un cadre ordonn\u00e9.<\/li>\n\n\n\n<li><strong>Patriotisme civique<\/strong> : Amour de la Belgique et de ses institutions d\u00e9mocratiques, sans repli identitaire. La patrie comme projet commun.<\/li>\n\n\n\n<li><strong>Social-lib\u00e9ralisme<\/strong> : \u00c9conomie libre mais r\u00e9gul\u00e9e, protection des plus faibles, m\u00e9ritocratie et responsabilit\u00e9 individuelle.<\/li>\n\n\n\n<li><strong>Environnementalisme<\/strong> : Protection de la plan\u00e8te dans une logique de transmission et d\u2019efficacit\u00e9 \u00e9cologique.<\/li>\n\n\n\n<li><strong>Animalisme<\/strong> : Respect et d\u00e9fense des animaux en tant qu\u2019\u00eatres sensibles, oppos\u00e9 \u00e0 toute forme d\u2019exploitation brutale.<\/li>\n\n\n\n<li><strong>Justicialisme<\/strong> : Justice sociale comme pilier de la paix civile : \u00e9quit\u00e9 fiscale, \u00e9galit\u00e9 des chances, lutte contre les abus.<\/li>\n<\/ul>\n\n\n\n<h5 class=\"wp-block-heading\">\ud83d\udd36 Valeurs compl\u00e9mentaires et identitaires<\/h5>\n\n\n\n<ul class=\"wp-block-list\">\n<li><strong>D\u00e9simmigrationisme<\/strong> : Ma\u00eetrise stricte des flux migratoires pour pr\u00e9server l\u2019\u00e9quilibre culturel, \u00e9conomique et s\u00e9curitaire du pays.<\/li>\n\n\n\n<li><strong>Spiritualisme<\/strong> : Reconnaissance du besoin de transcendance, d\u2019h\u00e9ritage moral et de sens dans une soci\u00e9t\u00e9 mat\u00e9rialiste.<\/li>\n\n\n\n<li><strong>Sybaritisme mod\u00e9r\u00e9<\/strong> : C\u00e9l\u00e9bration du plaisir raffin\u00e9, du beau, de la culture et de l\u2019art de vivre belge.<\/li>\n\n\n\n<li><strong>D\u00e9mocratisme<\/strong> : D\u00e9fense absolue des libert\u00e9s publiques, du pluralisme politique et de la souverainet\u00e9 populaire.<\/li>\n\n\n\n<li><strong>Europ\u00e9isme pragmatique<\/strong> : Soutien \u00e0 une Europe des peuples, forte, d\u00e9mocratique, \u00e0 condition de respecter les souverainet\u00e9s nationales.<\/li>\n\n\n\n<li><strong>Souverainisme rationnel<\/strong> : Affirmation du droit de la Belgique \u00e0 d\u00e9cider de ses lois, de ses fronti\u00e8res, et de son mod\u00e8le social, dans une coop\u00e9ration \u00e9quilibr\u00e9e.<\/li>\n<\/ul>\n\n\n\n<hr class=\"wp-block-separator has-alpha-channel-opacity\"\/>\n\n\n\n<h4 class=\"wp-block-heading\">\ud83d\udfe6 2. <strong>Institutions &amp; d\u00e9mocratie<\/strong><\/h4>\n\n\n\n<ul class=\"wp-block-list\">\n<li>Instauration du <strong>r\u00e9f\u00e9rendum d\u2019initiative citoyenne<\/strong> (RIC) \u00e0 seuil \u00e9lev\u00e9, pour certaines r\u00e9formes constitutionnelles.<\/li>\n\n\n\n<li>Maintien du <strong>vote obligatoire<\/strong>, mais facilitation du vote num\u00e9rique s\u00e9curis\u00e9.<\/li>\n\n\n\n<li><strong>Suppression du S\u00e9nat<\/strong>, rationalisation des niveaux de pouvoir.<\/li>\n\n\n\n<li><strong>Interdiction du cumul<\/strong> de mandats ex\u00e9cutifs + limitation \u00e0 deux mandats successifs dans une m\u00eame fonction.<\/li>\n\n\n\n<li><strong>M\u00e9diath\u00e8que civique nationale<\/strong> : plateforme de formation continue \u00e0 la citoyennet\u00e9 (en ligne et dans les \u00e9coles).<\/li>\n<\/ul>\n\n\n\n<hr class=\"wp-block-separator has-alpha-channel-opacity\"\/>\n\n\n\n<h4 class=\"wp-block-heading\">\ud83d\udfe2 3. <strong>Environnement &amp; cadre de vie<\/strong><\/h4>\n\n\n\n<ul class=\"wp-block-list\">\n<li>Objectif : <strong>neutralit\u00e9 carbone d\u2019ici 2040<\/strong> via :<ul><li>le solaire, l\u2019\u00e9olien (accompagn\u00e9 de fonds citoyens),<\/li><\/ul><ul><li>le stockage \u00e9nerg\u00e9tique (hydrog\u00e8ne vert, batteries),<\/li><\/ul>\n<ul class=\"wp-block-list\">\n<li>l\u2019\u00e9conomie circulaire et les circuits courts.<\/li>\n<\/ul>\n<\/li>\n\n\n\n<li><strong>Agro\u00e9cologie de qualit\u00e9<\/strong> : fin de l\u2019\u00e9levage intensif, soutien aux exploitations familiales durables.<\/li>\n\n\n\n<li><strong>Taxe carbone europ\u00e9enne compens\u00e9e<\/strong> par un <strong>dividende vert<\/strong> pour les m\u00e9nages modestes.<\/li>\n\n\n\n<li><strong>Pr\u00e9servation du patrimoine paysager et historique<\/strong> dans une logique de beaut\u00e9, d\u2019identit\u00e9 et de tourisme de qualit\u00e9.<\/li>\n<\/ul>\n\n\n\n<hr class=\"wp-block-separator has-alpha-channel-opacity\"\/>\n\n\n\n<h4 class=\"wp-block-heading\">\ud83e\uddd1\u200d\u2696\ufe0f 4. <strong>Justice &amp; s\u00e9curit\u00e9<\/strong><\/h4>\n\n\n\n<ul class=\"wp-block-list\">\n<li><strong>Justice rapide<\/strong> : augmentation du budget, digitalisation des proc\u00e9dures, m\u00e9diation acc\u00e9l\u00e9r\u00e9e.<\/li>\n\n\n\n<li><strong>Police de proximit\u00e9 modernis\u00e9e<\/strong> : cam\u00e9ras-pi\u00e9tons, suivi psychologique, lutte contre les ghettos urbains.<\/li>\n\n\n\n<li>Lutte implacable contre :<ul><li>le <strong>terrorisme islamiste<\/strong> et les <strong>r\u00e9seaux extr\u00e9mistes<\/strong>,<\/li><\/ul><ul><li>les <strong>mafias \u00e9trang\u00e8res<\/strong>, les narco-banditismes,<\/li><\/ul>\n<ul class=\"wp-block-list\">\n<li>la d\u00e9linquance des mineurs r\u00e9cidivistes.<\/li>\n<\/ul>\n<\/li>\n\n\n\n<li>Cr\u00e9ation d\u2019un <strong>\u00ab\u00a0tribunal des affaires publiques\u00a0\u00bb<\/strong> : jugement rapide des \u00e9lus en cas de faute grave.<\/li>\n<\/ul>\n\n\n\n<hr class=\"wp-block-separator has-alpha-channel-opacity\"\/>\n\n\n\n<h4 class=\"wp-block-heading\">\ud83d\udcda 5. <strong>\u00c9ducation, culture et spiritualit\u00e9<\/strong><\/h4>\n\n\n\n<ul class=\"wp-block-list\">\n<li><strong>Tronc commun renforc\u00e9<\/strong> jusqu\u2019\u00e0 16 ans incluant :<ul><li>histoire belge et europ\u00e9enne, <\/li><\/ul><\/li>\n\n\n\n<li><ul><li>environnementalisme pratique,<\/li><\/ul><\/li>\n\n\n\n<li><ul><li>\u00e9conomie de march\u00e9,<\/li><\/ul><\/li>\n\n\n\n<li><strong>\u00c9veil au sens et \u00e0 la r\u00e9flexion spirituelle<\/strong> (la\u00efque ou religieuse), dans le respect de la neutralit\u00e9.<\/li>\n\n\n\n<li>Autonomie des \u00e9tablissements et \u00e9valuation publique.<\/li>\n\n\n\n<li><strong>Plan lecture &amp; esth\u00e9tique<\/strong> : remettre le go\u00fbt des lettres, des arts et de la beaut\u00e9 au c\u0153ur du projet \u00e9ducatif.<\/li>\n<\/ul>\n\n\n\n<hr class=\"wp-block-separator has-alpha-channel-opacity\"\/>\n\n\n\n<h4 class=\"wp-block-heading\">\ud83d\udcbc 6. <strong>\u00c9conomie &amp; innovation<\/strong><\/h4>\n\n\n\n<ul class=\"wp-block-list\">\n<li>Baisse cibl\u00e9e des charges sur les PME locales cr\u00e9atrices d\u2019emplois durables.<\/li>\n\n\n\n<li><strong>\u00ab\u00a0ZED\u00a0\u00bb \u2013 Zones \u00c9conomiques Durables<\/strong> dans les r\u00e9gions sinistr\u00e9es : fiscalit\u00e9 attractive + RSE obligatoire.<\/li>\n\n\n\n<li>Soutien aux fili\u00e8res <strong>deep tech<\/strong>, <strong>\u00e9nergie verte<\/strong>, <strong>agritech<\/strong>, <strong>industries culturelles<\/strong>.<\/li>\n\n\n\n<li><strong>Sybaritisme productif<\/strong> : encouragement aux secteurs du luxe durable, de la gastronomie, de l\u2019hospitalit\u00e9 de qualit\u00e9.<\/li>\n<\/ul>\n\n\n\n<hr class=\"wp-block-separator has-alpha-channel-opacity\"\/>\n\n\n\n<h4 class=\"wp-block-heading\">\ud83e\uddd1\u200d\ud83e\udd1d\u200d\ud83e\uddd1 7. <strong>Protection sociale &amp; justice sociale<\/strong><\/h4>\n\n\n\n<ul class=\"wp-block-list\">\n<li><strong>Revenu d\u2019autonomie jeune<\/strong> (RAJ) : aide conditionn\u00e9e pour les 18\u201325 ans en formation ou recherche d&#8217;emploi.<\/li>\n\n\n\n<li><strong>Revalorisation des pensions basses<\/strong>, soutien accru aux aidants familiaux.<\/li>\n\n\n\n<li>R\u00e9forme du ch\u00f4mage : droits renforc\u00e9s mais <strong>obligations de formation ou b\u00e9n\u00e9volat civique<\/strong>.<\/li>\n\n\n\n<li><strong>Ch\u00e8que alimentation durable<\/strong> pour les m\u00e9nages \u00e0 faibles revenus.<\/li>\n\n\n\n<li>Plan national contre la <strong>solitude et la souffrance psychique<\/strong>, notamment chez les jeunes et les a\u00een\u00e9s.<\/li>\n<\/ul>\n\n\n\n<hr class=\"wp-block-separator has-alpha-channel-opacity\"\/>\n\n\n\n<h4 class=\"wp-block-heading\">\ud83d\udc3e 8. <strong>Condition animale<\/strong><\/h4>\n\n\n\n<ul class=\"wp-block-list\">\n<li>Interdiction :<ul><li>des cirques avec animaux,<\/li><\/ul><ul><li>des \u00e9levages \u00e0 fourrure,<\/li><\/ul>\n<ul class=\"wp-block-list\">\n<li>de l\u2019importation de produits issus de maltraitance.<\/li>\n<\/ul>\n<\/li>\n\n\n\n<li>Cr\u00e9ation d\u2019une <strong>Autorit\u00e9 f\u00e9d\u00e9rale de la condition animale<\/strong>, avec pouvoir d\u2019inspection.<\/li>\n\n\n\n<li>Int\u00e9gration du respect de l\u2019animal dans les programmes scolaires.<\/li>\n\n\n\n<li><strong>Aide \u00e0 la reconversion<\/strong> des \u00e9leveurs vers l\u2019agriculture \u00e9thique.<\/li>\n<\/ul>\n\n\n\n<hr class=\"wp-block-separator has-alpha-channel-opacity\"\/>\n\n\n\n<h4 class=\"wp-block-heading\">\ud83c\udf0d 9. <strong>Affaires \u00e9trang\u00e8res &amp; migrations<\/strong><\/h4>\n\n\n\n<ul class=\"wp-block-list\">\n<li><strong>Politique migratoire ferme mais humaine<\/strong> :<ul><li>quotas stricts selon les capacit\u00e9s d\u2019int\u00e9gration,<\/li><\/ul>\n<ul class=\"wp-block-list\">\n<li>expulsions syst\u00e9matiques des clandestins et criminels \u00e9trangers.<\/li>\n<\/ul>\n<\/li>\n\n\n\n<li><strong>Naturalisation exigeante<\/strong> : ma\u00eetrise des langues nationales, respect du contrat civique belge.<\/li>\n\n\n\n<li>Pacte europ\u00e9en pour une <strong>Europe forteresse mais solidaire<\/strong>.<\/li>\n\n\n\n<li>Diplomatie belge active pour les <strong>droits humains<\/strong>, le climat, et la d\u00e9fense de l\u2019Occident d\u00e9mocratique.<\/li>\n<\/ul>\n\n\n\n<hr class=\"wp-block-separator has-alpha-channel-opacity\"\/>\n\n\n\n<h4 class=\"wp-block-heading\">\ud83c\udfdb\ufe0f 10. <strong>Identit\u00e9 nationale &amp; coh\u00e9sion<\/strong><\/h4>\n\n\n\n<ul class=\"wp-block-list\">\n<li><strong>Contrat civique belge<\/strong> obligatoire pour les nouveaux citoyens : apprentissage des valeurs d\u00e9mocratiques, la\u00efcit\u00e9, \u00e9galit\u00e9 hommes-femmes.<\/li>\n\n\n\n<li>Promotion d\u2019un <strong>art de vivre belge<\/strong> : sybaritisme, culture populaire, patrimoine culinaire et festif.<\/li>\n\n\n\n<li>Lutte contre les <strong>communautarismes et s\u00e9paratismes<\/strong> : priorit\u00e9 \u00e0 l\u2019unit\u00e9 nationale.<\/li>\n\n\n\n<li><strong>Ruralit\u00e9, Wallonie profonde et quartiers oubli\u00e9s<\/strong> : investissements cibl\u00e9s pour r\u00e9\u00e9quilibrer le territoire.<\/li>\n<\/ul>\n\n\n\n<hr class=\"wp-block-separator has-alpha-channel-opacity\"\/>\n","protected":false},"excerpt":{"rendered":"<p>\ud83c\udde7\ud83c\uddea Mouvement Droite Moderniste (MDM) Esquisse de programme politique complet \ud83d\uddf3\ufe0f Pour une Belgique moderne, forte, juste et souveraine. \ud83d\udd37 1. Valeurs fondatrices du MDM \ud83e\udded Valeurs centrales \ud83d\udd36 Valeurs compl\u00e9mentaires et identitaires \ud83d\udfe6 2. Institutions &amp; d\u00e9mocratie \ud83d\udfe2 3. Environnement &amp; cadre de vie \ud83e\uddd1\u200d\u2696\ufe0f 4. Justice &amp; s\u00e9curit\u00e9 \ud83d\udcda 5. \u00c9ducation, culture et [&hellip;]<\/p>\n","protected":false},"author":1,"featured_media":0,"comment_status":"open","ping_status":"open","sticky":false,"template":"","format":"standard","meta":{"_monsterinsights_skip_tracking":false,"_uf_show_specific_survey":0,"_uf_disable_surveys":false,"footnotes":""},"categories":[1],"tags":[],"class_list":["post-1337","post","type-post","status-publish","format-standard","hentry","category-immigration"],"_links":{"self":[{"href":"https:\/\/droitemoderniste.be\/index.php\/wp-json\/wp\/v2\/posts\/1337","targetHints":{"allow":["GET"]}}],"collection":[{"href":"https:\/\/droitemoderniste.be\/index.php\/wp-json\/wp\/v2\/posts"}],"about":[{"href":"https:\/\/droitemoderniste.be\/index.php\/wp-json\/wp\/v2\/types\/post"}],"author":[{"embeddable":true,"href":"https:\/\/droitemoderniste.be\/index.php\/wp-json\/wp\/v2\/users\/1"}],"replies":[{"embeddable":true,"href":"https:\/\/droitemoderniste.be\/index.php\/wp-json\/wp\/v2\/comments?post=1337"}],"version-history":[{"count":1,"href":"https:\/\/droitemoderniste.be\/index.php\/wp-json\/wp\/v2\/posts\/1337\/revisions"}],"predecessor-version":[{"id":1339,"href":"https:\/\/droitemoderniste.be\/index.php\/wp-json\/wp\/v2\/posts\/1337\/revisions\/1339"}],"wp:attachment":[{"href":"https:\/\/droitemoderniste.be\/index.php\/wp-json\/wp\/v2\/media?parent=1337"}],"wp:term":[{"taxonomy":"category","embeddable":true,"href":"https:\/\/droitemoderniste.be\/index.php\/wp-json\/wp\/v2\/categories?post=1337"},{"taxonomy":"post_tag","embeddable":true,"href":"https:\/\/droitemoderniste.be\/index.php\/wp-json\/wp\/v2\/tags?post=1337"}],"curies":[{"name":"wp","href":"https:\/\/api.w.org\/{rel}","templated":true}]}}