{"id":1331,"date":"2025-09-30T10:31:13","date_gmt":"2025-09-30T08:31:13","guid":{"rendered":"https:\/\/droitemoderniste.be\/?p=1331"},"modified":"2025-09-30T10:31:13","modified_gmt":"2025-09-30T08:31:13","slug":"plaidons-pour-un-projet-de-loi-visant-les-entites-recevant-des-fonds-etrangers","status":"publish","type":"post","link":"https:\/\/droitemoderniste.be\/index.php\/2025\/09\/30\/plaidons-pour-un-projet-de-loi-visant-les-entites-recevant-des-fonds-etrangers\/","title":{"rendered":"Plaidons pour un projet de loi visant les entit\u00e9s recevant des fonds \u00e9trangers"},"content":{"rendered":"\n<figure class=\"wp-block-image size-full\"><img loading=\"lazy\" decoding=\"async\" width=\"400\" height=\"299\" src=\"https:\/\/droitemoderniste.be\/wp-content\/uploads\/2025\/09\/corruption.jpg\" alt=\"\" class=\"wp-image-1332\" srcset=\"https:\/\/droitemoderniste.be\/wp-content\/uploads\/2025\/09\/corruption.jpg 400w, https:\/\/droitemoderniste.be\/wp-content\/uploads\/2025\/09\/corruption-300x224.jpg 300w\" sizes=\"auto, (max-width: 400px) 100vw, 400px\" \/><\/figure>\n\n\n\n<p class=\"wp-block-paragraph\">Souhaitons lancer une p\u00e9tition pour cr\u00e9er un registre des organisations mena\u00e7ant la souverainet\u00e9 de la Belgique.<\/p>\n\n\n\n<p class=\"wp-block-paragraph\">A part, le <mark style=\"background-color:rgba(0, 0, 0, 0);color:#ff6900\" class=\"has-inline-color\">MDM<\/mark>, quel autre parti politique belge aura le courage de pr\u00e9senter une proposition de loi visant \u00e0 mettre en place un registre des organisations mena\u00e7ant la souverainet\u00e9 de la Belgique avec l\u2019aide de l\u2019\u00e9tranger\u00a0?<\/p>\n\n\n\n<p class=\"wp-block-paragraph\">Le texte du projet de loi visera de fa\u00e7on large toute personne morale et entit\u00e9 sans personnalit\u00e9 juridique qui menace la souverainet\u00e9 de la Belgique en menant des activit\u00e9s visant \u00e0 influencer la vie publique.<\/p>\n\n\n\n<p class=\"wp-block-paragraph\">En Belgique, la presque totalit\u00e9 des ONG et des ASBL re\u00e7oivent des fonds publics mais aussi des fonds europ\u00e9ens, des donations d\u2019institutions internationales ou du soutien de citoyens belges (notamment ceux \u00e0 double nationalit\u00e9) r\u00e9sidant \u00e0 l\u2019\u00e9tranger.<\/p>\n\n\n\n<p class=\"wp-block-paragraph\">Des millions de dollars et d\u2019euros, provenant principalement d\u2019entit\u00e9s am\u00e9ricaines, d\u2019entit\u00e9s moyen-orientales (Arabie saoudite, Qatar, \u00c9mirats Arabes Unis\u2026) et d\u2019entit\u00e9s bruxelloises (Commission europ\u00e9enne\u2026), ont \u00e9t\u00e9 achemin\u00e9s vers des groupes de la soci\u00e9t\u00e9 civile et des m\u00e9dias dans le but de manipuler le sentiment des \u00e9lecteurs en fonction d\u2019int\u00e9r\u00eats ext\u00e9rieurs.<\/p>\n\n\n\n<p class=\"wp-block-paragraph\">Concr\u00e8tement, il faudra cr\u00e9er ad hoc une \u00ab\u00a0<strong>Autorit\u00e9 pour la protection de la souverainet\u00e9<\/strong>\u00a0\u00bb, une institution publique qui produira des rapports objectifs sur les organisations touchant des subventions \u00e9trang\u00e8res.<\/p>\n\n\n\n<p class=\"wp-block-paragraph\">Toute entit\u00e9 plac\u00e9e sur cette liste devra demander l\u2019autorisation des autorit\u00e9s pour pouvoir recevoir un virement \u00e9mis depuis l\u2019\u00e9tranger.<\/p>\n\n\n\n<p class=\"wp-block-paragraph\">Les personnes effectuant un don \u00e0 ces entit\u00e9s opaques n\u2019auront plus le droit de profiter d\u2019une d\u00e9duction fiscale.<\/p>\n\n\n\n<p class=\"wp-block-paragraph\">Enfin, l\u2019ensemble des cadres dirigeants de ces organisations devront remplir des d\u00e9clarations de patrimoine similaires \u00e0 celles des \u00e9lus, et qui seront ensuite rendues publiques.<\/p>\n\n\n\n<p class=\"wp-block-paragraph\">Tout comme les partis politiques sont interdits de recevoir des fonds \u00e9trangers en vertu des r\u00e8gles de l\u2019UE, les acteurs non partisans devraient aussi faire l\u2019objet d\u2019un examen minutieux lorsque leurs activit\u00e9s ont une incidence sur la prise de d\u00e9cision publique. <\/p>\n\n\n\n<p class=\"wp-block-paragraph\">Ajoutons aux politiques europ\u00e9ennes de lutte contre l\u2019ing\u00e9rence russe, des politiques similaires de lutte mais cette fois-ci contre l\u2019ing\u00e9rence trop patente des Fr\u00e8res musulmans en Belgique<\/p>\n","protected":false},"excerpt":{"rendered":"<p>Souhaitons lancer une p\u00e9tition pour cr\u00e9er un registre des organisations mena\u00e7ant la souverainet\u00e9 de la Belgique. A part, le MDM, quel autre parti politique belge aura le courage de pr\u00e9senter une proposition de loi visant \u00e0 mettre en place un registre des organisations mena\u00e7ant la souverainet\u00e9 de la Belgique avec l\u2019aide de l\u2019\u00e9tranger\u00a0? Le texte [&hellip;]<\/p>\n","protected":false},"author":1,"featured_media":0,"comment_status":"open","ping_status":"open","sticky":false,"template":"","format":"standard","meta":{"_monsterinsights_skip_tracking":false,"_uf_show_specific_survey":0,"_uf_disable_surveys":false,"footnotes":""},"categories":[32],"tags":[],"class_list":["post-1331","post","type-post","status-publish","format-standard","hentry","category-securite-publique"],"_links":{"self":[{"href":"https:\/\/droitemoderniste.be\/index.php\/wp-json\/wp\/v2\/posts\/1331","targetHints":{"allow":["GET"]}}],"collection":[{"href":"https:\/\/droitemoderniste.be\/index.php\/wp-json\/wp\/v2\/posts"}],"about":[{"href":"https:\/\/droitemoderniste.be\/index.php\/wp-json\/wp\/v2\/types\/post"}],"author":[{"embeddable":true,"href":"https:\/\/droitemoderniste.be\/index.php\/wp-json\/wp\/v2\/users\/1"}],"replies":[{"embeddable":true,"href":"https:\/\/droitemoderniste.be\/index.php\/wp-json\/wp\/v2\/comments?post=1331"}],"version-history":[{"count":1,"href":"https:\/\/droitemoderniste.be\/index.php\/wp-json\/wp\/v2\/posts\/1331\/revisions"}],"predecessor-version":[{"id":1333,"href":"https:\/\/droitemoderniste.be\/index.php\/wp-json\/wp\/v2\/posts\/1331\/revisions\/1333"}],"wp:attachment":[{"href":"https:\/\/droitemoderniste.be\/index.php\/wp-json\/wp\/v2\/media?parent=1331"}],"wp:term":[{"taxonomy":"category","embeddable":true,"href":"https:\/\/droitemoderniste.be\/index.php\/wp-json\/wp\/v2\/categories?post=1331"},{"taxonomy":"post_tag","embeddable":true,"href":"https:\/\/droitemoderniste.be\/index.php\/wp-json\/wp\/v2\/tags?post=1331"}],"curies":[{"name":"wp","href":"https:\/\/api.w.org\/{rel}","templated":true}]}}