{"id":1318,"date":"2025-09-29T09:52:32","date_gmt":"2025-09-29T07:52:32","guid":{"rendered":"https:\/\/droitemoderniste.be\/?p=1318"},"modified":"2025-09-29T09:52:32","modified_gmt":"2025-09-29T07:52:32","slug":"trois-innovations-destinees-a-rembourser-notre-dette-et-a-ameliorer-lefficacite-de-nos-politiques-publiques","status":"publish","type":"post","link":"https:\/\/droitemoderniste.be\/index.php\/2025\/09\/29\/trois-innovations-destinees-a-rembourser-notre-dette-et-a-ameliorer-lefficacite-de-nos-politiques-publiques\/","title":{"rendered":"Trois innovations destin\u00e9es \u00e0 rembourser notre dette et \u00e0 am\u00e9liorer l&rsquo;efficacit\u00e9 de nos politiques publiques"},"content":{"rendered":"\n<figure class=\"wp-block-image size-large\"><img loading=\"lazy\" decoding=\"async\" width=\"1024\" height=\"682\" src=\"https:\/\/droitemoderniste.be\/wp-content\/uploads\/2025\/09\/gouffre-financier-1024x682.webp\" alt=\"\" class=\"wp-image-1319\" srcset=\"https:\/\/droitemoderniste.be\/wp-content\/uploads\/2025\/09\/gouffre-financier-1024x682.webp 1024w, https:\/\/droitemoderniste.be\/wp-content\/uploads\/2025\/09\/gouffre-financier-300x200.webp 300w, https:\/\/droitemoderniste.be\/wp-content\/uploads\/2025\/09\/gouffre-financier-768x511.webp 768w, https:\/\/droitemoderniste.be\/wp-content\/uploads\/2025\/09\/gouffre-financier.webp 1280w\" sizes=\"auto, (max-width: 1024px) 100vw, 1024px\" \/><\/figure>\n\n\n\n<p class=\"wp-block-paragraph\">Admettons que le gouvernement f\u00e9d\u00e9ral et nos gouvernements r\u00e9gionaux r\u00e9ussissent \u00e0 b\u00e2tir et \u00e0 faire voter un budget 2026 s\u00e9rieux et cr\u00e9dible (en r\u00e9alit\u00e9 l\u2019exercice virera au cauchemar vu le d\u00e9rapage des comptes de l\u2019\u00c9tat en 2025, d\u00e9rapage constant depuis l\u2019\u00e9poque du Covid en 2020).<\/p>\n\n\n\n<p class=\"wp-block-paragraph\">Le r\u00e9pit serait en r\u00e9alit\u00e9 de courte dur\u00e9e, car le mal est profond. La rigueur budg\u00e9taire par coupes dans les d\u00e9penses ou par pr\u00e9l\u00e8vements dits \u00ab&nbsp;exceptionnels&nbsp;\u00bb, sans changer le fonctionnement de la sph\u00e8re publique, ne suffit pas \u00e0 r\u00e9duire les d\u00e9ficits et la dette \u00e0 long terme.<\/p>\n\n\n\n<p class=\"wp-block-paragraph\">L\u2019un des principaux d\u00e9fis pour notre Royaume consiste donc \u00e0 rendre son secteur public plus productif, c.\u00e0.d. \u00e0 faire en sorte que la quantit\u00e9 et la qualit\u00e9 de ses services, et donc sa contribution \u00e0 l\u2019\u00e9conomie, progresse plus vite que son co\u00fbt.<\/p>\n\n\n\n<p class=\"wp-block-paragraph\">La Nouvelle-Z\u00e9lande, le Chili, le Royaume-Uni, le Portugal, le Canada ont r\u00e9ussi \u00e0 relever un d\u00e9fi similaire ces trente derni\u00e8res ann\u00e9es. Le cas particulier du Qu\u00e9bec est instructif et inspirant. Cette province dispose d\u2019une large autonomie financi\u00e8re. Sa loi budg\u00e9taire l\u2019oblige \u00e0 viser un \u00e9quilibre structurel \u2013 la cible actuelle pour retrouver l\u2019\u00e9quilibre est la fin de cette d\u00e9cennie. Ses politiques publiques font l\u2019objet d\u2019objectifs pr\u00e9cis, les responsabilit\u00e9s des agents sont d\u00e9finies et les r\u00e9sultats mesur\u00e9s, la satisfaction des contribuables est quantifi\u00e9e, les fonctionnaires sont autonomes et \u00e9valu\u00e9s.<\/p>\n\n\n\n<p class=\"wp-block-paragraph\">\u00a0Autant de r\u00e9flexes qui font d\u00e9faut en Belgique. Notre sph\u00e8re publique est atrophi\u00e9e (outranci\u00e8rement d\u00e9velopp\u00e9e), notre \u00c9tat est le plus protecteur au monde, les pr\u00e9l\u00e8vements obligatoires sont particuli\u00e8rement lourds. La contrepartie devrait \u00eatre que chaque euro d\u00e9pens\u00e9 fasse l\u2019objet d\u2019un tra\u00e7age et d\u2019une surveillance.<\/p>\n\n\n\n<p class=\"wp-block-paragraph\">Le Qu\u00e9bec a un autre dispositif dont pourrait s\u2019inspirer notre Royaume&nbsp;: le \u00ab&nbsp;Fonds des g\u00e9n\u00e9rations&nbsp;\u00bb, cr\u00e9\u00e9 en 2006. Il est affect\u00e9 au remboursement de la dette. Aliment\u00e9 par des taxes sur l\u2019\u00e9nergie, par une partie des surplus budg\u00e9taires quand il y en a et par le rendement de ses propres investissements, il donne l\u2019assurance au Qu\u00e9bec et \u00e0 ses cr\u00e9anciers qu\u2019il existe un m\u00e9canisme sanctuaris\u00e9 qui rembourse la dette et all\u00e8ge la charge financi\u00e8re future.<\/p>\n\n\n\n<p class=\"wp-block-paragraph\">En Belgique, il existe bien l\u2019un ou l\u2019autre m\u00e9canisme d\u2019amortissement de la dette sociale poursuivant le m\u00eame objectif. Mais ces m\u00e9canismes sont aliment\u00e9s par des pr\u00e9l\u00e8vements sociaux et par l\u2019emprunt.<\/p>\n\n\n\n<p class=\"wp-block-paragraph\">\u00c0 l\u2019inverse, le Fonds des g\u00e9n\u00e9rations&nbsp; du Qu\u00e9bec est p\u00e9renne et assure en grande partie son d\u00e9veloppement par la rentabilit\u00e9 de ses investissements. La cr\u00e9ation d\u2019un tel fonds en Belgique permettrait de contraindre notre politique budg\u00e9taire avec le souci du remboursement de la dette, et de rassurer nos cr\u00e9anciers.<\/p>\n\n\n\n<p class=\"wp-block-paragraph\">Une troisi\u00e8me innovation particuli\u00e8rement bien utile \u00e0 la Belgique f\u00e9d\u00e9rale et \u00e0 ses trois r\u00e9gions est la cr\u00e9ation d\u2019un poste de \u00ab&nbsp;V\u00e9rificateur g\u00e9n\u00e9ral des finances publiques&nbsp;\u00bb, avec un accent plac\u00e9 sur la p\u00e9dagogie et la transparence, l\u00e0 o\u00f9 les rapports de la Cour des comptes sont longs et proc\u00e8dent d\u2019une logique comptable et juridique.<\/p>\n\n\n\n<p class=\"wp-block-paragraph\">Le v\u00e9rificateur belge pourrait \u00eatre charg\u00e9, sur demande du Parlement et des citoyens, d\u2019auditer les comptes publics et les politiques qui engagent de l\u2019argent public et ce, \u00e0 n\u2019importe quel moment. Cette innovation am\u00e9liorerait l\u2019efficacit\u00e9 de nos politiques publiques, leur transparence et la reddition des comptes.<\/p>\n\n\n\n<p class=\"wp-block-paragraph\">Au <mark style=\"background-color:rgba(0, 0, 0, 0);color:#ff6900\" class=\"has-inline-color\">MDM<\/mark>, nous pensons que ces trois dispositifs innovants pourraient m\u00eame faire consensus.<\/p>\n\n\n\n<p class=\"wp-block-paragraph\"><\/p>\n","protected":false},"excerpt":{"rendered":"<p>Admettons que le gouvernement f\u00e9d\u00e9ral et nos gouvernements r\u00e9gionaux r\u00e9ussissent \u00e0 b\u00e2tir et \u00e0 faire voter un budget 2026 s\u00e9rieux et cr\u00e9dible (en r\u00e9alit\u00e9 l\u2019exercice virera au cauchemar vu le d\u00e9rapage des comptes de l\u2019\u00c9tat en 2025, d\u00e9rapage constant depuis l\u2019\u00e9poque du Covid en 2020). Le r\u00e9pit serait en r\u00e9alit\u00e9 de courte dur\u00e9e, car le [&hellip;]<\/p>\n","protected":false},"author":1,"featured_media":0,"comment_status":"open","ping_status":"open","sticky":false,"template":"","format":"standard","meta":{"_monsterinsights_skip_tracking":false,"_uf_show_specific_survey":0,"_uf_disable_surveys":false,"footnotes":""},"categories":[12],"tags":[],"class_list":["post-1318","post","type-post","status-publish","format-standard","hentry","category-finances-publiques"],"_links":{"self":[{"href":"https:\/\/droitemoderniste.be\/index.php\/wp-json\/wp\/v2\/posts\/1318","targetHints":{"allow":["GET"]}}],"collection":[{"href":"https:\/\/droitemoderniste.be\/index.php\/wp-json\/wp\/v2\/posts"}],"about":[{"href":"https:\/\/droitemoderniste.be\/index.php\/wp-json\/wp\/v2\/types\/post"}],"author":[{"embeddable":true,"href":"https:\/\/droitemoderniste.be\/index.php\/wp-json\/wp\/v2\/users\/1"}],"replies":[{"embeddable":true,"href":"https:\/\/droitemoderniste.be\/index.php\/wp-json\/wp\/v2\/comments?post=1318"}],"version-history":[{"count":1,"href":"https:\/\/droitemoderniste.be\/index.php\/wp-json\/wp\/v2\/posts\/1318\/revisions"}],"predecessor-version":[{"id":1320,"href":"https:\/\/droitemoderniste.be\/index.php\/wp-json\/wp\/v2\/posts\/1318\/revisions\/1320"}],"wp:attachment":[{"href":"https:\/\/droitemoderniste.be\/index.php\/wp-json\/wp\/v2\/media?parent=1318"}],"wp:term":[{"taxonomy":"category","embeddable":true,"href":"https:\/\/droitemoderniste.be\/index.php\/wp-json\/wp\/v2\/categories?post=1318"},{"taxonomy":"post_tag","embeddable":true,"href":"https:\/\/droitemoderniste.be\/index.php\/wp-json\/wp\/v2\/tags?post=1318"}],"curies":[{"name":"wp","href":"https:\/\/api.w.org\/{rel}","templated":true}]}}