{"id":1258,"date":"2025-09-24T11:25:19","date_gmt":"2025-09-24T09:25:19","guid":{"rendered":"https:\/\/droitemoderniste.be\/?p=1258"},"modified":"2025-09-24T11:25:19","modified_gmt":"2025-09-24T09:25:19","slug":"orientation-pro-business-concernant-notre-industrie-de-larmement","status":"publish","type":"post","link":"https:\/\/droitemoderniste.be\/index.php\/2025\/09\/24\/orientation-pro-business-concernant-notre-industrie-de-larmement\/","title":{"rendered":"Orientation pro-business concernant notre industrie de l&rsquo;armement"},"content":{"rendered":"\n<figure class=\"wp-block-image size-full\"><img loading=\"lazy\" decoding=\"async\" width=\"345\" height=\"146\" src=\"https:\/\/droitemoderniste.be\/wp-content\/uploads\/2025\/09\/armes-wallonnesA.jpg\" alt=\"\" class=\"wp-image-1259\" srcset=\"https:\/\/droitemoderniste.be\/wp-content\/uploads\/2025\/09\/armes-wallonnesA.jpg 345w, https:\/\/droitemoderniste.be\/wp-content\/uploads\/2025\/09\/armes-wallonnesA-300x127.jpg 300w\" sizes=\"auto, (max-width: 345px) 100vw, 345px\" \/><\/figure>\n\n\n\n<figure class=\"wp-block-image size-full\"><img loading=\"lazy\" decoding=\"async\" width=\"300\" height=\"168\" src=\"https:\/\/droitemoderniste.be\/wp-content\/uploads\/2025\/09\/Sans-titre.jpg\" alt=\"\" class=\"wp-image-1260\"\/><\/figure>\n\n\n\n<p class=\"wp-block-paragraph\">L\u2019orientation \u00ab pro-business \u00bb du <mark style=\"background-color:rgba(0, 0, 0, 0);color:#ff6900\" class=\"has-inline-color\">Mouvement Droite Moderniste <\/mark>\u00e0 l\u2019\u00e9gard de l\u2019industrie belge de l\u2019armement et de ses exportations d\u2019armes consiste \u00e0 soutenir activement ce secteur strat\u00e9gique, en cherchant \u00e0 renforcer son d\u00e9veloppement \u00e9conomique et sa comp\u00e9titivit\u00e9 \u00e0 l\u2019international, tout en jouant sur plusieurs leviers cl\u00e9s.<\/p>\n\n\n\n<p class=\"wp-block-paragraph\"><strong>Position pro-business<\/strong><\/p>\n\n\n\n<ul class=\"wp-block-list\">\n<li><strong>Valorisation \u00e9conomique et industrielle<\/strong> : Le <mark style=\"background-color:rgba(0, 0, 0, 0);color:#ff6900\" class=\"has-inline-color\">MDM<\/mark> promeut le d\u00e9veloppement des entreprises d\u2019armement belges comme un levier de croissance industrielle, d\u2019innovation technologique et de cr\u00e9ation d\u2019emplois qualifi\u00e9s, notamment dans des acteurs wallons comme FN Herstal, Thales Belgium ou New Lachauss\u00e9e qui montrent une croissance importante de leur chiffre d\u2019affaires. Le <mark style=\"background-color:rgba(0, 0, 0, 0);color:#ff6900\" class=\"has-inline-color\">MDM<\/mark> soutiendra des investissements pour renforcer des capacit\u00e9s productives et de recherche et d\u00e9veloppement afin d\u2019\u00eatre plus comp\u00e9titif \u00e0 l\u2019exportation.<\/li>\n\n\n\n<li><strong>Lib\u00e9ralisation encadr\u00e9e des exportations<\/strong> : Cette orientation consiste \u00e0 d\u00e9fendre une politique d\u2019exportation d\u2019armes moins restrictive, avec une simplification des proc\u00e9dures de licences d\u2019exportation sous contr\u00f4le politique strat\u00e9gique, pour faciliter l\u2019acc\u00e8s aux march\u00e9s internationaux tout en assurant une veille sur la conformit\u00e9 aux normes europ\u00e9ennes et internationales. Le <mark style=\"background-color:rgba(0, 0, 0, 0);color:#ff6900\" class=\"has-inline-color\">MDM<\/mark>\u00a0 d\u00e9fendra une visibilit\u00e9 accrue des d\u00e9cisions d\u2019octroi de licences, alliant transparence et stabilit\u00e9 juridique pour les industriels.<\/li>\n\n\n\n<li><strong>Soutien \u00e0 l\u2019innovation duale et \u00e0 la fili\u00e8re technologique<\/strong> : La promotion des technologies \u00e0 double usage (militaire et civil), avec des synergies vers les secteurs technologiques et la d\u00e9fense europ\u00e9enne, permettant d\u2019attirer des financements et des partenariats publics-priv\u00e9s innovants. Ce soutien s\u2019appuiera sur une politique industrielle modernis\u00e9e avec des partenariats strat\u00e9giques au sein de l\u2019UE et avec des alli\u00e9s.<\/li>\n\n\n\n<li><strong>Dialogue avec les acteurs internationaux et s\u00e9curitaires<\/strong> : Pour le <mark style=\"background-color:rgba(0, 0, 0, 0);color:#ff6900\" class=\"has-inline-color\">MDM<\/mark>, conserver un positionnement diplomatique \u00e9quilibr\u00e9 tout en assurant des relations commerciales solides avec des pays clients tout en respectant une certaine \u00e9thique commerciale compatible avec les int\u00e9r\u00eats g\u00e9opolitiques de la Belgique et de l\u2019Europe.<\/li>\n<\/ul>\n\n\n\n<p class=\"wp-block-paragraph\"><strong>Synth\u00e8se<\/strong><\/p>\n\n\n\n<p class=\"wp-block-paragraph\">Le <mark style=\"background-color:rgba(0, 0, 0, 0);color:#ff6900\" class=\"has-inline-color\">Mouvement Droite Moderniste<\/mark> au profil \u00ab pro-business \u00bb privil\u00e9giera une politique d\u2019appui industriel \u00e0 l\u2019armement belge, focalis\u00e9e sur la comp\u00e9titivit\u00e9, la croissance \u00e9conomique, la simplification administrative raisonn\u00e9e des exportations, et l\u2019innovation technologique duale, int\u00e9grant un cadre r\u00e9glementaire stable et une diplomatie commerciale pragmatique. Cette approche vise \u00e0 renforcer le poids \u00e9conomique et strat\u00e9gique du secteur tout en ma\u00eetrisant les enjeux \u00e9thiques et r\u00e9glementaires li\u00e9s \u00e0 l\u2019exportation d\u2019armes.<\/p>\n","protected":false},"excerpt":{"rendered":"<p>L\u2019orientation \u00ab pro-business \u00bb du Mouvement Droite Moderniste \u00e0 l\u2019\u00e9gard de l\u2019industrie belge de l\u2019armement et de ses exportations d\u2019armes consiste \u00e0 soutenir activement ce secteur strat\u00e9gique, en cherchant \u00e0 renforcer son d\u00e9veloppement \u00e9conomique et sa comp\u00e9titivit\u00e9 \u00e0 l\u2019international, tout en jouant sur plusieurs leviers cl\u00e9s. Position pro-business Synth\u00e8se Le Mouvement Droite Moderniste au profil [&hellip;]<\/p>\n","protected":false},"author":1,"featured_media":0,"comment_status":"open","ping_status":"open","sticky":false,"template":"","format":"standard","meta":{"_monsterinsights_skip_tracking":false,"_uf_show_specific_survey":0,"_uf_disable_surveys":false,"footnotes":""},"categories":[7,31,23],"tags":[],"class_list":["post-1258","post","type-post","status-publish","format-standard","hentry","category-defense","category-economie","category-entreprises"],"_links":{"self":[{"href":"https:\/\/droitemoderniste.be\/index.php\/wp-json\/wp\/v2\/posts\/1258","targetHints":{"allow":["GET"]}}],"collection":[{"href":"https:\/\/droitemoderniste.be\/index.php\/wp-json\/wp\/v2\/posts"}],"about":[{"href":"https:\/\/droitemoderniste.be\/index.php\/wp-json\/wp\/v2\/types\/post"}],"author":[{"embeddable":true,"href":"https:\/\/droitemoderniste.be\/index.php\/wp-json\/wp\/v2\/users\/1"}],"replies":[{"embeddable":true,"href":"https:\/\/droitemoderniste.be\/index.php\/wp-json\/wp\/v2\/comments?post=1258"}],"version-history":[{"count":1,"href":"https:\/\/droitemoderniste.be\/index.php\/wp-json\/wp\/v2\/posts\/1258\/revisions"}],"predecessor-version":[{"id":1261,"href":"https:\/\/droitemoderniste.be\/index.php\/wp-json\/wp\/v2\/posts\/1258\/revisions\/1261"}],"wp:attachment":[{"href":"https:\/\/droitemoderniste.be\/index.php\/wp-json\/wp\/v2\/media?parent=1258"}],"wp:term":[{"taxonomy":"category","embeddable":true,"href":"https:\/\/droitemoderniste.be\/index.php\/wp-json\/wp\/v2\/categories?post=1258"},{"taxonomy":"post_tag","embeddable":true,"href":"https:\/\/droitemoderniste.be\/index.php\/wp-json\/wp\/v2\/tags?post=1258"}],"curies":[{"name":"wp","href":"https:\/\/api.w.org\/{rel}","templated":true}]}}