{"id":1247,"date":"2025-09-23T08:43:52","date_gmt":"2025-09-23T06:43:52","guid":{"rendered":"https:\/\/droitemoderniste.be\/?p=1247"},"modified":"2025-09-23T08:43:52","modified_gmt":"2025-09-23T06:43:52","slug":"facteurs-influencant-la-fraude-sociale","status":"publish","type":"post","link":"https:\/\/droitemoderniste.be\/index.php\/2025\/09\/23\/facteurs-influencant-la-fraude-sociale\/","title":{"rendered":"Facteurs influen\u00e7ant la fraude sociale"},"content":{"rendered":"\n<figure class=\"wp-block-image size-full\"><img loading=\"lazy\" decoding=\"async\" width=\"338\" height=\"149\" src=\"https:\/\/droitemoderniste.be\/wp-content\/uploads\/2025\/09\/Fraude-sociale-2.jpg\" alt=\"\" class=\"wp-image-1248\" srcset=\"https:\/\/droitemoderniste.be\/wp-content\/uploads\/2025\/09\/Fraude-sociale-2.jpg 338w, https:\/\/droitemoderniste.be\/wp-content\/uploads\/2025\/09\/Fraude-sociale-2-300x132.jpg 300w\" sizes=\"auto, (max-width: 338px) 100vw, 338px\" \/><\/figure>\n\n\n\n<p class=\"wp-block-paragraph\"><strong>Facteurs influen\u00e7ant la fraude sociale<\/strong><strong><\/strong><\/p>\n\n\n\n<p class=\"wp-block-paragraph\">L\u2019\u00e9volution de la fraude sociale en Belgique (environ 3,8 % du PIB soit pr\u00e8s de 20 milliards \u20ac par an, avec seulement 0,3 milliard \u20ac r\u00e9cup\u00e9r\u00e9s par les contr\u00f4les) est influenc\u00e9e par plusieurs facteurs structurels, r\u00e9glementaires et sociaux, qui expliquent les fluctuations \u00e0 la hausse ou \u00e0 la baisse de ce ph\u00e9nom\u00e8ne.<\/p>\n\n\n\n<p class=\"wp-block-paragraph\"><strong>Causes majeures de la hausse<\/strong><\/p>\n\n\n\n<ul class=\"wp-block-list\">\n<li><strong>Insuffisance de contr\u00f4les<\/strong> et de moyens humains\u00a0: la r\u00e9duction du nombre d\u2019inspecteurs et de contr\u00f4les, surtout entre 2012 et 2022, tend \u00e0 favoriser l\u2019augmentation de la fraude, car le risque d\u2019\u00eatre d\u00e9tect\u00e9 diminue.<\/li>\n\n\n\n<li><strong>Pression fiscale et r\u00e9glementaire<\/strong>\u00a0: des niveaux \u00e9lev\u00e9s de taxation et de cotisations sociales incitent certains employeurs et travailleurs \u00e0 recourir au travail non d\u00e9clar\u00e9 en vue d\u2019augmenter leurs revenus nets ou de contourner les charges l\u00e9gales.<\/li>\n\n\n\n<li><strong>Organisation accrue de la fraude<\/strong>\u00a0: l\u2019\u00e9mergence de r\u00e9seaux structur\u00e9s, parfois li\u00e9s \u00e0 la traite des \u00eatres humains et \u00e0 l\u2019exploitation, a rendu certaines formes de fraude plus complexes et difficilement d\u00e9tectables.<\/li>\n\n\n\n<li><strong>Effet de d\u00e9monstration<\/strong>\u00a0: la tol\u00e9rance sociale ou la perception selon laquelle \u00ab tout le monde fraude \u00bb peut accro\u00eetre les comportements de fraude, essentiellement par mim\u00e9tisme. C\u2019est pour cela que nous pr\u00f4nons une politique de protection des lanceurs d\u2019alerte \u00e0 la fraude sociale.<\/li>\n<\/ul>\n\n\n\n<p class=\"wp-block-paragraph\"><strong>Causes majeures de la baisse<\/strong><\/p>\n\n\n\n<ul class=\"wp-block-list\">\n<li><strong>Renforcement des contr\u00f4les et sanctions<\/strong>\u00a0: \u00e0 partir de 2022, l\u2019augmentation des moyens humains (recrutement d\u2019inspecteurs), le recours \u00e0 des outils num\u00e9riques et \u00e0 l\u2019exploitation crois\u00e9e des bases de donn\u00e9es ont permis une d\u00e9tection plus syst\u00e9matique. Le gouvernement envisage le recrutement de 300 contr\u00f4leurs suppl\u00e9mentaires d\u2019ici \u00e0 2029. Nous disons que c\u2019est insuffisant et qu\u2019il est n\u00e9cessaire de doubler ce nombre.<\/li>\n\n\n\n<li><strong>Dispositifs d\u2019incitation \u00e0 la formalisation<\/strong>\u00a0: la cr\u00e9ation de m\u00e9canismes comme les ch\u00e8ques-services ou les flexi-jobs ont contribu\u00e9 \u00e0 ramener le travail \u00ab au noir \u00bb dans le circuit l\u00e9gal, notamment dans des secteurs \u00e0 risque.<\/li>\n\n\n\n<li><strong>Am\u00e9lioration de la moralit\u00e9 sociale et du civisme<\/strong>\u00a0: une partie de la population renonce \u00e0 la fraude par principe ou conscience citoyenne, facteur qui, bien que minoritaire, p\u00e8se dans l\u2019\u00e9volution.<\/li>\n\n\n\n<li><strong>Crainte du risque et des sanctions<\/strong>\u00a0: la mise en place d\u2019amendes plus lourdes et la publicit\u00e9 autour des contr\u00f4les renforc\u00e9s entra\u00eenent une baisse des comportements frauduleux par effet dissuasif. C\u2019est pour cela que nous pr\u00f4nons une politique de protection des lanceurs d\u2019alerte \u00e0 la fraude sociale.<\/li>\n<\/ul>\n\n\n\n<p class=\"wp-block-paragraph\"><strong>Facteurs psychologiques et contextuels<\/strong><\/p>\n\n\n\n<ul class=\"wp-block-list\">\n<li>La probabilit\u00e9 de frauder d\u00e9pend de la perception du risque, du sentiment d\u2019injustice fiscale, de l\u2019exemplarit\u00e9 de l\u2019environnement imm\u00e9diat et de l\u2019intensit\u00e9 des mesures de contr\u00f4les.<\/li>\n\n\n\n<li>Une part significative de la cause tient aux opportunit\u00e9s structurelles offertes par certains secteurs et \u00e0 la difficult\u00e9 d\u2019un contr\u00f4le exhaustif dans les situations tr\u00e8s fragment\u00e9es (ex\u00a0: petits employeurs, particuliers, travailleurs migrants).<\/li>\n<\/ul>\n\n\n\n<p class=\"wp-block-paragraph\">En r\u00e9sum\u00e9, la <strong>hausse<\/strong> de la fraude sociale est g\u00e9n\u00e9ralement li\u00e9e \u00e0 la faible fr\u00e9quence des contr\u00f4les, \u00e0 la pression fiscale et \u00e0 la diffusion des comportements frauduleux, tandis que la <strong>baisse<\/strong> d\u00e9pend d\u2019une politique de contr\u00f4le renforc\u00e9e, de sanctions dissuasives et de dispositifs d\u2019encouragement \u00e0 la transparence.<\/p>\n","protected":false},"excerpt":{"rendered":"<p>Facteurs influen\u00e7ant la fraude sociale L\u2019\u00e9volution de la fraude sociale en Belgique (environ 3,8 % du PIB soit pr\u00e8s de 20 milliards \u20ac par an, avec seulement 0,3 milliard \u20ac r\u00e9cup\u00e9r\u00e9s par les contr\u00f4les) est influenc\u00e9e par plusieurs facteurs structurels, r\u00e9glementaires et sociaux, qui expliquent les fluctuations \u00e0 la hausse ou \u00e0 la baisse de [&hellip;]<\/p>\n","protected":false},"author":1,"featured_media":0,"comment_status":"open","ping_status":"open","sticky":false,"template":"","format":"standard","meta":{"_monsterinsights_skip_tracking":false,"_uf_show_specific_survey":0,"_uf_disable_surveys":false,"footnotes":""},"categories":[24,10],"tags":[],"class_list":["post-1247","post","type-post","status-publish","format-standard","hentry","category-justice-sociale","category-securite-sociale"],"_links":{"self":[{"href":"https:\/\/droitemoderniste.be\/index.php\/wp-json\/wp\/v2\/posts\/1247","targetHints":{"allow":["GET"]}}],"collection":[{"href":"https:\/\/droitemoderniste.be\/index.php\/wp-json\/wp\/v2\/posts"}],"about":[{"href":"https:\/\/droitemoderniste.be\/index.php\/wp-json\/wp\/v2\/types\/post"}],"author":[{"embeddable":true,"href":"https:\/\/droitemoderniste.be\/index.php\/wp-json\/wp\/v2\/users\/1"}],"replies":[{"embeddable":true,"href":"https:\/\/droitemoderniste.be\/index.php\/wp-json\/wp\/v2\/comments?post=1247"}],"version-history":[{"count":1,"href":"https:\/\/droitemoderniste.be\/index.php\/wp-json\/wp\/v2\/posts\/1247\/revisions"}],"predecessor-version":[{"id":1249,"href":"https:\/\/droitemoderniste.be\/index.php\/wp-json\/wp\/v2\/posts\/1247\/revisions\/1249"}],"wp:attachment":[{"href":"https:\/\/droitemoderniste.be\/index.php\/wp-json\/wp\/v2\/media?parent=1247"}],"wp:term":[{"taxonomy":"category","embeddable":true,"href":"https:\/\/droitemoderniste.be\/index.php\/wp-json\/wp\/v2\/categories?post=1247"},{"taxonomy":"post_tag","embeddable":true,"href":"https:\/\/droitemoderniste.be\/index.php\/wp-json\/wp\/v2\/tags?post=1247"}],"curies":[{"name":"wp","href":"https:\/\/api.w.org\/{rel}","templated":true}]}}