{"id":1241,"date":"2025-09-22T11:43:45","date_gmt":"2025-09-22T09:43:45","guid":{"rendered":"https:\/\/droitemoderniste.be\/?p=1241"},"modified":"2025-09-22T11:43:45","modified_gmt":"2025-09-22T09:43:45","slug":"pluralisme-ou-gouvernabilite-il-faut-choisir","status":"publish","type":"post","link":"https:\/\/droitemoderniste.be\/index.php\/2025\/09\/22\/pluralisme-ou-gouvernabilite-il-faut-choisir\/","title":{"rendered":"Pluralisme ou gouvernabilit\u00e9, il faut choisir!"},"content":{"rendered":"\n<figure class=\"wp-block-image size-full\"><img loading=\"lazy\" decoding=\"async\" width=\"275\" height=\"183\" src=\"https:\/\/droitemoderniste.be\/wp-content\/uploads\/2025\/09\/antisemitisme2.jpeg\" alt=\"\" class=\"wp-image-1242\"\/><\/figure>\n\n\n\n<p class=\"wp-block-paragraph\">Nous pensons que remplacer le scrutin proportionnel par un syst\u00e8me mixte, comme le mod\u00e8le allemand, pourrait \u00eatre une piste pour sortir Bruxelles de l&rsquo;impasse politique actuelle, car ce type de syst\u00e8me vise \u00e0 r\u00e9concilier repr\u00e9sentation fid\u00e8le des partis et possibilit\u00e9 de d\u00e9gager des majorit\u00e9s plus stables.<\/p>\n\n\n\n<p class=\"wp-block-paragraph\"><strong>Pourquoi le blocage actuel?<\/strong><\/p>\n\n\n\n<p class=\"wp-block-paragraph\">La R\u00e9gion de Bruxelles-Capitale conna\u00eet une crise politique prolong\u00e9e, illustr\u00e9e par l\u2019incapacit\u00e9 de former une majorit\u00e9 depuis plus de 15 mois. Cette situation met en cause le mode de scrutin proportionnel pur en vigueur, qui tend \u00e0 fragmenter le paysage politique et rend complexe la formation de gouvernements stables, surtout dans un contexte institutionnel d\u00e9j\u00e0 d\u00e9licat en Belgique.<\/p>\n\n\n\n<p class=\"wp-block-paragraph\"><strong>En quoi consiste le syst\u00e8me mixte allemand?<\/strong><\/p>\n\n\n\n<p class=\"wp-block-paragraph\">Le mod\u00e8le allemand donne deux voix \u00e0 l\u2019\u00e9lecteur: une pour un candidat local (majoritaire) et une pour une liste de parti (proportionnelle). Les si\u00e8ges sont d\u2019abord attribu\u00e9s aux vainqueurs locaux, puis compl\u00e9t\u00e9s via la proportionnelle pour garantir un reflet fid\u00e8le des \u00e9quilibres partisans du pays. Ce \u00abproportionnel compensatoire\u00bb \u00e9vite qu\u2019un parti rafle la majorit\u00e9 sur la base de victoires locales isol\u00e9es, tout en assurant une pr\u00e9sence locale forte pour les d\u00e9put\u00e9s.<\/p>\n\n\n\n<p class=\"wp-block-paragraph\"><strong>B\u00e9n\u00e9fices et d\u00e9fis d\u2019un changement<\/strong><\/p>\n\n\n\n<p class=\"wp-block-paragraph\">Un syst\u00e8me mixte pourrait :<\/p>\n\n\n\n<ul class=\"wp-block-list\">\n<li>R\u00e9duire la fragmentation, en poussant \u00e0 la fois \u00e0 la personnalisation des campagnes et \u00e0 la responsabilisation locale des \u00e9lus.<\/li>\n\n\n\n<li>Am\u00e9liorer la stabilit\u00e9 gouvernementale, puisqu\u2019il peut permettre \u00e0 des coalitions moins nombreuses de se d\u00e9gager, en particulier si un seuil \u00e9lectoral (ex. 5%) limite l\u2019entr\u00e9e des mini-partis.<\/li>\n\n\n\n<li>Maintenir la diversit\u00e9 politique, essentielle \u00e0 la soci\u00e9t\u00e9 bruxelloise, tout en \u00e9vitant certains effets pervers du tout-proportionnel (blocage, culture du compromis excessif).<\/li>\n<\/ul>\n\n\n\n<p class=\"wp-block-paragraph\">En revanche, ce type de r\u00e9forme n\u00e9cessiterait une adaptation institutionnelle lourde, un red\u00e9coupage des circonscriptions et surtout un tr\u00e8s large consensus politique \u2013 difficilement accessible actuellement en Belgique f\u00e9d\u00e9rale, surtout pour Bruxelles o\u00f9 chaque communaut\u00e9 veille jalousement \u00e0 ses droits politiques.<\/p>\n\n\n\n<p class=\"wp-block-paragraph\"><strong>Conclusion<\/strong><\/p>\n\n\n\n<p class=\"wp-block-paragraph\">Il n\u2019existe pas de syst\u00e8me \u00e9lectoral parfait. Mais le d\u00e9bat pour sortir Bruxelles de la paralysie institutionnelle rend l\u2019id\u00e9e d\u2019un syst\u00e8me mixte \u2014 test\u00e9 et \u00e9prouv\u00e9 en Allemagne \u2014 particuli\u00e8rement cr\u00e9dible et d\u2019actualit\u00e9, bien que sa mise en \u0153uvre demanderait courage politique et n\u00e9gociation institutionnelle en profondeur.<\/p>\n\n\n\n<p class=\"wp-block-paragraph\">Cf. notre proposition&nbsp;: <a href=\"https:\/\/droitemoderniste.be\/index.php\/programme\/priorites\/democratie\/adoptons-le-systeme-mixte\/\">https:\/\/droitemoderniste.be\/index.php\/programme\/priorites\/democratie\/adoptons-le-systeme-mixte\/<\/a><\/p>\n","protected":false},"excerpt":{"rendered":"<p>Nous pensons que remplacer le scrutin proportionnel par un syst\u00e8me mixte, comme le mod\u00e8le allemand, pourrait \u00eatre une piste pour sortir Bruxelles de l&rsquo;impasse politique actuelle, car ce type de syst\u00e8me vise \u00e0 r\u00e9concilier repr\u00e9sentation fid\u00e8le des partis et possibilit\u00e9 de d\u00e9gager des majorit\u00e9s plus stables. Pourquoi le blocage actuel? La R\u00e9gion de Bruxelles-Capitale conna\u00eet [&hellip;]<\/p>\n","protected":false},"author":1,"featured_media":0,"comment_status":"open","ping_status":"open","sticky":false,"template":"","format":"standard","meta":{"_monsterinsights_skip_tracking":false,"_uf_show_specific_survey":0,"_uf_disable_surveys":false,"footnotes":""},"categories":[22],"tags":[],"class_list":["post-1241","post","type-post","status-publish","format-standard","hentry","category-democratie"],"_links":{"self":[{"href":"https:\/\/droitemoderniste.be\/index.php\/wp-json\/wp\/v2\/posts\/1241","targetHints":{"allow":["GET"]}}],"collection":[{"href":"https:\/\/droitemoderniste.be\/index.php\/wp-json\/wp\/v2\/posts"}],"about":[{"href":"https:\/\/droitemoderniste.be\/index.php\/wp-json\/wp\/v2\/types\/post"}],"author":[{"embeddable":true,"href":"https:\/\/droitemoderniste.be\/index.php\/wp-json\/wp\/v2\/users\/1"}],"replies":[{"embeddable":true,"href":"https:\/\/droitemoderniste.be\/index.php\/wp-json\/wp\/v2\/comments?post=1241"}],"version-history":[{"count":1,"href":"https:\/\/droitemoderniste.be\/index.php\/wp-json\/wp\/v2\/posts\/1241\/revisions"}],"predecessor-version":[{"id":1243,"href":"https:\/\/droitemoderniste.be\/index.php\/wp-json\/wp\/v2\/posts\/1241\/revisions\/1243"}],"wp:attachment":[{"href":"https:\/\/droitemoderniste.be\/index.php\/wp-json\/wp\/v2\/media?parent=1241"}],"wp:term":[{"taxonomy":"category","embeddable":true,"href":"https:\/\/droitemoderniste.be\/index.php\/wp-json\/wp\/v2\/categories?post=1241"},{"taxonomy":"post_tag","embeddable":true,"href":"https:\/\/droitemoderniste.be\/index.php\/wp-json\/wp\/v2\/tags?post=1241"}],"curies":[{"name":"wp","href":"https:\/\/api.w.org\/{rel}","templated":true}]}}