{"id":1235,"date":"2025-09-22T08:29:11","date_gmt":"2025-09-22T06:29:11","guid":{"rendered":"https:\/\/droitemoderniste.be\/?p=1235"},"modified":"2025-09-22T08:29:11","modified_gmt":"2025-09-22T06:29:11","slug":"fraude-sociale-mieux-cibler-les-controles","status":"publish","type":"post","link":"https:\/\/droitemoderniste.be\/index.php\/2025\/09\/22\/fraude-sociale-mieux-cibler-les-controles\/","title":{"rendered":"Fraude sociale, mieux cibler les contr\u00f4les"},"content":{"rendered":"\n<figure class=\"wp-block-image size-full\"><img loading=\"lazy\" decoding=\"async\" width=\"281\" height=\"180\" src=\"https:\/\/droitemoderniste.be\/wp-content\/uploads\/2025\/09\/fraude-soc3-1.jpg\" alt=\"\" class=\"wp-image-1236\"\/><\/figure>\n\n\n\n<p class=\"wp-block-paragraph\">La fraude sociale en Belgique a connu une <strong>intensification des contr\u00f4les<\/strong> et un raffinement des m\u00e9thodes de d\u00e9tection durant la derni\u00e8re d\u00e9cennie, avec une \u00e9volution marqu\u00e9e tant au niveau du volume d\u00e9tect\u00e9 que de la capacit\u00e9 de sanction.<\/p>\n\n\n\n<p class=\"wp-block-paragraph\"><strong>Tendances g\u00e9n\u00e9rales 2015\u20132025<\/strong><\/p>\n\n\n\n<ul class=\"wp-block-list\">\n<li>Le nombre de contr\u00f4les sociaux a fortement augment\u00e9, passant de quelques dizaines de milliers d\u2019inspections annuelles en 2015 \u00e0 pr\u00e8s de 140.000 en 2024, ce qui a conduit \u00e0 une hausse du nombre de fraudes d\u00e9tect\u00e9es.<\/li>\n\n\n\n<li>En 2022, la lutte contre la fraude sociale a rapport\u00e9 un montant record de <strong>342 millions d\u2019euros<\/strong> au budget belge, alors que le cap des 200 millions pr\u00e9vus a \u00e9t\u00e9 d\u00e9pass\u00e9.<\/li>\n\n\n\n<li>Le pourcentage d\u2019entreprises en infraction reste stable autour d\u2019un tiers des contr\u00f4les r\u00e9alis\u00e9s, avec des pics sectoriels dans l\u2019horeca, le nettoyage ou les car-wash (jusqu\u2019\u00e0 60% des \u00e9tablissements contr\u00f4l\u00e9s).<\/li>\n<\/ul>\n\n\n\n<p class=\"wp-block-paragraph\"><strong>Renforcement des dispositifs et des lois<\/strong><\/p>\n\n\n\n<ul class=\"wp-block-list\">\n<li>Plusieurs vagues l\u00e9gislatives ont eu lieu, avec une r\u00e9forme du Code p\u00e9nal social et l\u2019introduction d\u2019amendes minimales aggrav\u00e9es en 2024-2025, visant \u00e0 renforcer la dissuasion et la collecte.<\/li>\n\n\n\n<li>Le gouvernement a planifi\u00e9 le recrutement de 300 inspecteurs sociaux suppl\u00e9mentaires d\u2019ici 2029. Au <mark style=\"background-color:rgba(0, 0, 0, 0);color:#ff6900\" class=\"has-inline-color\">MDM<\/mark>, nous pensons que cela n\u2019est pas suffisant et qu\u2019il faudrait plut\u00f4t recruter 600 inspecteurs sociaux suppl\u00e9mentaires d\u2019ici \u00e0 2030.<\/li>\n<\/ul>\n\n\n\n<p class=\"wp-block-paragraph\"><strong>\u00c9volution des pratiques et du profil de la fraude<\/strong><\/p>\n\n\n\n<ul class=\"wp-block-list\">\n<li>La fraude sociale concerne principalement le travail non d\u00e9clar\u00e9, les fausses d\u00e9clarations (revenu d\u2019int\u00e9gration, allocations sociales), le dumping social et les infractions aux cotisations patronales.<\/li>\n\n\n\n<li>Le taux de fraude av\u00e9r\u00e9e chez les b\u00e9n\u00e9ficiaires de CPAS est rest\u00e9 relativement faible (autour de 4\u20135% selon les enqu\u00eates de 2013\u20132016) alors que le ph\u00e9nom\u00e8ne de non-recours aux droits sociaux reste beaucoup plus \u00e9lev\u00e9.<\/li>\n<\/ul>\n\n\n\n<p class=\"wp-block-paragraph\"><strong>Statistiques marquantes<\/strong><\/p>\n\n\n\n<figure class=\"wp-block-table\"><table class=\"has-fixed-layout\"><thead><tr><td><strong>Ann\u00e9e<\/strong><\/td><td><strong>Enqu\u00eates sociales<\/strong><\/td><td><strong>Entreprises en infraction (%)<\/strong><\/td><td><strong>Montant r\u00e9cup\u00e9r\u00e9 (M\u20ac)<\/strong><\/td><\/tr><\/thead><tbody><tr><td>2015<\/td><td>~40.000<\/td><td>\u2248 33%<\/td><td>~150<\/td><\/tr><tr><td>2022<\/td><td>137.796<\/td><td>\u2248 33%<\/td><td>342<\/td><\/tr><tr><td>2024<\/td><td>137.796<\/td><td>35% (2025)<\/td><td>&gt;300<\/td><\/tr><\/tbody><\/table><\/figure>\n\n\n\n<p class=\"wp-block-paragraph\">Sources : SIRS, ONSS, ONEM, SPF S\u00e9curit\u00e9 sociale.<\/p>\n\n\n\n<p class=\"wp-block-paragraph\"><strong>Conclusion<\/strong><\/p>\n\n\n\n<p class=\"wp-block-paragraph\">La d\u00e9cennie \u00e9coul\u00e9e est marqu\u00e9e par une lutte accrue contre la <strong>fraude sociale<\/strong>, des montants d\u00e9tect\u00e9s et r\u00e9cup\u00e9r\u00e9s en hausse, et une mobilisation politique forte pour renforcer la capacit\u00e9 de d\u00e9tection et de sanction. Malgr\u00e9 la stabilit\u00e9 du pourcentage d&rsquo;infractions constat\u00e9es, le ph\u00e9nom\u00e8ne demeure structurel et concentr\u00e9 dans quelques secteurs \u00e0 risque.<\/p>\n\n\n\n<p class=\"wp-block-paragraph\">Le taux de fraude d\u00e9tect\u00e9e est dix fois sup\u00e9rieur dans les entreprises que chez les personnes b\u00e9n\u00e9ficiaires du CPAS.<\/p>\n","protected":false},"excerpt":{"rendered":"<p>La fraude sociale en Belgique a connu une intensification des contr\u00f4les et un raffinement des m\u00e9thodes de d\u00e9tection durant la derni\u00e8re d\u00e9cennie, avec une \u00e9volution marqu\u00e9e tant au niveau du volume d\u00e9tect\u00e9 que de la capacit\u00e9 de sanction. Tendances g\u00e9n\u00e9rales 2015\u20132025 Renforcement des dispositifs et des lois \u00c9volution des pratiques et du profil de la [&hellip;]<\/p>\n","protected":false},"author":1,"featured_media":0,"comment_status":"open","ping_status":"open","sticky":false,"template":"","format":"standard","meta":{"_monsterinsights_skip_tracking":false,"_uf_show_specific_survey":0,"_uf_disable_surveys":false,"footnotes":""},"categories":[24],"tags":[],"class_list":["post-1235","post","type-post","status-publish","format-standard","hentry","category-justice-sociale"],"_links":{"self":[{"href":"https:\/\/droitemoderniste.be\/index.php\/wp-json\/wp\/v2\/posts\/1235","targetHints":{"allow":["GET"]}}],"collection":[{"href":"https:\/\/droitemoderniste.be\/index.php\/wp-json\/wp\/v2\/posts"}],"about":[{"href":"https:\/\/droitemoderniste.be\/index.php\/wp-json\/wp\/v2\/types\/post"}],"author":[{"embeddable":true,"href":"https:\/\/droitemoderniste.be\/index.php\/wp-json\/wp\/v2\/users\/1"}],"replies":[{"embeddable":true,"href":"https:\/\/droitemoderniste.be\/index.php\/wp-json\/wp\/v2\/comments?post=1235"}],"version-history":[{"count":1,"href":"https:\/\/droitemoderniste.be\/index.php\/wp-json\/wp\/v2\/posts\/1235\/revisions"}],"predecessor-version":[{"id":1237,"href":"https:\/\/droitemoderniste.be\/index.php\/wp-json\/wp\/v2\/posts\/1235\/revisions\/1237"}],"wp:attachment":[{"href":"https:\/\/droitemoderniste.be\/index.php\/wp-json\/wp\/v2\/media?parent=1235"}],"wp:term":[{"taxonomy":"category","embeddable":true,"href":"https:\/\/droitemoderniste.be\/index.php\/wp-json\/wp\/v2\/categories?post=1235"},{"taxonomy":"post_tag","embeddable":true,"href":"https:\/\/droitemoderniste.be\/index.php\/wp-json\/wp\/v2\/tags?post=1235"}],"curies":[{"name":"wp","href":"https:\/\/api.w.org\/{rel}","templated":true}]}}