{"id":1232,"date":"2025-09-21T13:42:11","date_gmt":"2025-09-21T11:42:11","guid":{"rendered":"https:\/\/droitemoderniste.be\/?p=1232"},"modified":"2025-09-21T13:42:11","modified_gmt":"2025-09-21T11:42:11","slug":"valeurs-cles-de-la-droite-moderniste","status":"publish","type":"post","link":"https:\/\/droitemoderniste.be\/index.php\/2025\/09\/21\/valeurs-cles-de-la-droite-moderniste\/","title":{"rendered":"Valeurs cl\u00e9s de la droite moderniste"},"content":{"rendered":"\n<figure class=\"wp-block-image size-full\"><img loading=\"lazy\" decoding=\"async\" width=\"376\" height=\"212\" src=\"https:\/\/droitemoderniste.be\/wp-content\/uploads\/2025\/09\/bebe.webp\" alt=\"\" class=\"wp-image-1233\" srcset=\"https:\/\/droitemoderniste.be\/wp-content\/uploads\/2025\/09\/bebe.webp 376w, https:\/\/droitemoderniste.be\/wp-content\/uploads\/2025\/09\/bebe-300x169.webp 300w\" sizes=\"auto, (max-width: 376px) 100vw, 376px\" \/><\/figure>\n\n\n\n<p class=\"wp-block-paragraph\">Un parti de droite moderniste belge se distingue par la combinaison de valeurs traditionnelles (ordre, m\u00e9rite, responsabilit\u00e9) et d\u2019une adaptation aux enjeux contemporains (innovation, ouverture, pragmatisme, environnement).<\/p>\n\n\n\n<p class=\"wp-block-paragraph\"><strong>Valeurs cl\u00e9s de la droite moderniste belge, incarn\u00e9e par le <mark style=\"background-color:rgba(0, 0, 0, 0);color:#ff6900\" class=\"has-inline-color\">MDM<\/mark>\u00a0:<\/strong><\/p>\n\n\n\n<p class=\"wp-block-paragraph\"><strong>Pragmatisme et efficacit\u00e9<\/strong><\/p>\n\n\n\n<ul class=\"wp-block-list\">\n<li>Promotion de mesures \u00e9valu\u00e9es sur leurs r\u00e9sultats concrets, et non sur des dogmes abstraits.<\/li>\n\n\n\n<li>Recherche de solutions innovantes pour r\u00e9pondre aux d\u00e9fis \u00e9conomiques, sociaux et \u00e9cologiques du moment.<\/li>\n<\/ul>\n\n\n\n<p class=\"wp-block-paragraph\"><strong>Ouverture et pluralisme<\/strong><\/p>\n\n\n\n<ul class=\"wp-block-list\">\n<li>Respect de la diversit\u00e9 des opinions, du dialogue d\u00e9mocratique et de l\u2019ouverture sur le monde.<\/li>\n\n\n\n<li>Attention marqu\u00e9e au respect mutuel, \u00e0 la solidarit\u00e9 interg\u00e9n\u00e9rationnelle et \u00e0 l\u2019inclusion sociale.<\/li>\n<\/ul>\n\n\n\n<p class=\"wp-block-paragraph\"><strong>Ordre, m\u00e9rite et responsabilit\u00e9<\/strong><\/p>\n\n\n\n<ul class=\"wp-block-list\">\n<li>Maintien de principes structurants (ordre public, s\u00e9curit\u00e9, respect des lois).<\/li>\n\n\n\n<li>Valorisation du m\u00e9rite personnel, de l\u2019effort, de la responsabilit\u00e9 individuelle et collective.<\/li>\n\n\n\n<li>Refus du laxisme mais aussi du conservatisme dogmatique.<\/li>\n<\/ul>\n\n\n\n<p class=\"wp-block-paragraph\"><strong>Modernisme et anticipation<\/strong><\/p>\n\n\n\n<ul class=\"wp-block-list\">\n<li>Capacit\u00e9 \u00e0 anticiper et \u00e0 s\u2019adapter aux mutations de la soci\u00e9t\u00e9 (transition num\u00e9rique, \u00e9cologique et sociale).<\/li>\n\n\n\n<li>Promotion d\u2019une vision dynamique et progressiste, sans renier des rep\u00e8res stables.<\/li>\n<\/ul>\n\n\n\n<p class=\"wp-block-paragraph\"><strong>Libert\u00e9 et bien-\u00eatre \u00e9conomique<\/strong><\/p>\n\n\n\n<ul class=\"wp-block-list\">\n<li>D\u00e9fense de la libert\u00e9 d\u2019entreprendre, de la propri\u00e9t\u00e9 priv\u00e9e, et d\u2019un march\u00e9 comp\u00e9titif coh\u00e9rent avec la r\u00e9gulation sociale et environnementale.<\/li>\n\n\n\n<li>Volont\u00e9 d\u2019am\u00e9nager les leviers \u00e9conomiques pour assurer la prosp\u00e9rit\u00e9 tout en favorisant la justice.<\/li>\n<\/ul>\n\n\n\n<p class=\"wp-block-paragraph\"><strong>Sens de la communaut\u00e9 et durabilit\u00e9<\/strong><\/p>\n\n\n\n<ul class=\"wp-block-list\">\n<li>Promotion d\u2019un \u00e9quilibre durable entre droits individuels et int\u00e9r\u00eat g\u00e9n\u00e9ral.<\/li>\n\n\n\n<li>Insistance sur la durabilit\u00e9 (\u00e9conomie, environnement, dette publique, pacte social) comme fil conducteur de l\u2019action publique.<\/li>\n<\/ul>\n\n\n\n<p class=\"wp-block-paragraph\"><strong>Conclusion<\/strong><\/p>\n\n\n\n<p class=\"wp-block-paragraph\">Ces valeurs ancrent le projet de notre droite belge moderniste dans l\u2019innovation sociale, la responsabilit\u00e9, le respect, et la recherche d\u2019un \u00e9quilibre durable entre progr\u00e8s, ordre et justice.<\/p>\n","protected":false},"excerpt":{"rendered":"<p>Un parti de droite moderniste belge se distingue par la combinaison de valeurs traditionnelles (ordre, m\u00e9rite, responsabilit\u00e9) et d\u2019une adaptation aux enjeux contemporains (innovation, ouverture, pragmatisme, environnement). Valeurs cl\u00e9s de la droite moderniste belge, incarn\u00e9e par le MDM\u00a0: Pragmatisme et efficacit\u00e9 Ouverture et pluralisme Ordre, m\u00e9rite et responsabilit\u00e9 Modernisme et anticipation Libert\u00e9 et bien-\u00eatre \u00e9conomique [&hellip;]<\/p>\n","protected":false},"author":1,"featured_media":0,"comment_status":"open","ping_status":"open","sticky":false,"template":"","format":"standard","meta":{"_monsterinsights_skip_tracking":false,"_uf_show_specific_survey":0,"_uf_disable_surveys":false,"footnotes":""},"categories":[18],"tags":[],"class_list":["post-1232","post","type-post","status-publish","format-standard","hentry","category-droite"],"_links":{"self":[{"href":"https:\/\/droitemoderniste.be\/index.php\/wp-json\/wp\/v2\/posts\/1232","targetHints":{"allow":["GET"]}}],"collection":[{"href":"https:\/\/droitemoderniste.be\/index.php\/wp-json\/wp\/v2\/posts"}],"about":[{"href":"https:\/\/droitemoderniste.be\/index.php\/wp-json\/wp\/v2\/types\/post"}],"author":[{"embeddable":true,"href":"https:\/\/droitemoderniste.be\/index.php\/wp-json\/wp\/v2\/users\/1"}],"replies":[{"embeddable":true,"href":"https:\/\/droitemoderniste.be\/index.php\/wp-json\/wp\/v2\/comments?post=1232"}],"version-history":[{"count":1,"href":"https:\/\/droitemoderniste.be\/index.php\/wp-json\/wp\/v2\/posts\/1232\/revisions"}],"predecessor-version":[{"id":1234,"href":"https:\/\/droitemoderniste.be\/index.php\/wp-json\/wp\/v2\/posts\/1232\/revisions\/1234"}],"wp:attachment":[{"href":"https:\/\/droitemoderniste.be\/index.php\/wp-json\/wp\/v2\/media?parent=1232"}],"wp:term":[{"taxonomy":"category","embeddable":true,"href":"https:\/\/droitemoderniste.be\/index.php\/wp-json\/wp\/v2\/categories?post=1232"},{"taxonomy":"post_tag","embeddable":true,"href":"https:\/\/droitemoderniste.be\/index.php\/wp-json\/wp\/v2\/tags?post=1232"}],"curies":[{"name":"wp","href":"https:\/\/api.w.org\/{rel}","templated":true}]}}