{"id":1147,"date":"2025-09-20T12:15:01","date_gmt":"2025-09-20T10:15:01","guid":{"rendered":"https:\/\/droitemoderniste.be\/?p=1147"},"modified":"2025-09-20T12:41:07","modified_gmt":"2025-09-20T10:41:07","slug":"logo-couleurs","status":"publish","type":"post","link":"https:\/\/droitemoderniste.be\/index.php\/2025\/09\/20\/logo-couleurs\/","title":{"rendered":"Logo &amp; couleurs"},"content":{"rendered":"\n<figure class=\"wp-block-image size-full\"><img loading=\"lazy\" decoding=\"async\" width=\"1024\" height=\"1024\" src=\"https:\/\/droitemoderniste.be\/wp-content\/uploads\/2025\/09\/ChatGPT-Image-19-sept.-2025-11_49_21.png\" alt=\"\" class=\"wp-image-1148\" srcset=\"https:\/\/droitemoderniste.be\/wp-content\/uploads\/2025\/09\/ChatGPT-Image-19-sept.-2025-11_49_21.png 1024w, https:\/\/droitemoderniste.be\/wp-content\/uploads\/2025\/09\/ChatGPT-Image-19-sept.-2025-11_49_21-300x300.png 300w, https:\/\/droitemoderniste.be\/wp-content\/uploads\/2025\/09\/ChatGPT-Image-19-sept.-2025-11_49_21-150x150.png 150w, https:\/\/droitemoderniste.be\/wp-content\/uploads\/2025\/09\/ChatGPT-Image-19-sept.-2025-11_49_21-768x768.png 768w\" sizes=\"auto, (max-width: 1024px) 100vw, 1024px\" \/><\/figure>\n\n\n\n<p class=\"wp-block-paragraph\">Voici une proposition de <strong>symbolique coh\u00e9rente et forte<\/strong> pour les trois couleurs du <strong>Mouvement Droite Moderniste (MDM)<\/strong> : <strong>bleu, blanc et orange<\/strong>, en lien avec les valeurs d\u00e9finies pour le mouvement (modernisme soci\u00e9tal, patriotisme civique, social-lib\u00e9ralisme, spiritualisme, etc.).<\/p>\n\n\n\n<hr class=\"wp-block-separator has-alpha-channel-opacity\"\/>\n\n\n\n<h3 class=\"wp-block-heading\">\ud83d\udd35 <strong>Bleu \u2014 La stabilit\u00e9 \u00e9clair\u00e9e<\/strong><\/h3>\n\n\n\n<p class=\"wp-block-paragraph\"><strong>Symbolique principale :<\/strong> Confiance, sagesse, responsabilit\u00e9, avenir<\/p>\n\n\n\n<ul class=\"wp-block-list\">\n<li>Repr\u00e9sente <strong>la rigueur, la clart\u00e9 intellectuelle et la modernit\u00e9 \u00e9clair\u00e9e<\/strong>.<\/li>\n\n\n\n<li>C\u2019est la couleur des <strong>institutions stables<\/strong>, mais aussi de <strong>l\u2019innovation ma\u00eetris\u00e9e<\/strong>.<\/li>\n\n\n\n<li>\u00c9voque <strong>la justice<\/strong>, <strong>l\u2019\u00e9quilibre<\/strong>, <strong>l\u2019universalit\u00e9 des valeurs d\u00e9mocratiques<\/strong>.<\/li>\n\n\n\n<li>Incarne l\u2019ancrage europ\u00e9en du <mark style=\"background-color:rgba(0, 0, 0, 0);color:#ff6900\" class=\"has-inline-color\">MDM<\/mark>, en \u00e9cho au drapeau de l\u2019UE.<\/li>\n\n\n\n<li>Dans un cadre \u00ab\u00a0droite moderniste\u00a0\u00bb, c\u2019est <strong>le socle rationnel et responsable<\/strong> sur lequel repose le progr\u00e8s.<\/li>\n<\/ul>\n\n\n\n<p class=\"wp-block-paragraph\"><em>\u00ab Une droite qui r\u00e9fl\u00e9chit, pas qui r\u00e9agit. \u00bb<\/em><\/p>\n\n\n\n<hr class=\"wp-block-separator has-alpha-channel-opacity\"\/>\n\n\n\n<h3 class=\"wp-block-heading\">\u26aa <strong>Blanc \u2014 L\u2019unit\u00e9 et la transparence<\/strong><\/h3>\n\n\n\n<p class=\"wp-block-paragraph\"><strong>Symbolique principale : Puret\u00e9, paix, \u00e9thique, spiritualit\u00e9<\/strong><\/p>\n\n\n\n<ul class=\"wp-block-list\">\n<li>Symbole de <strong>l\u2019unit\u00e9 nationale<\/strong>, du <strong>dialogue entre citoyens<\/strong> au-del\u00e0 des clivages.<\/li>\n\n\n\n<li>Porte la vision d\u2019une soci\u00e9t\u00e9 <strong>transparente, juste, respectueuse des droits et devoirs<\/strong>.<\/li>\n\n\n\n<li>\u00c9voque <strong>le respect des valeurs humaines<\/strong>, de la dignit\u00e9, de l\u2019animalit\u00e9 et de la nature.<\/li>\n\n\n\n<li>Couleur de la <strong>clart\u00e9 morale<\/strong>, de l\u2019<strong>engagement d\u00e9sint\u00e9ress\u00e9<\/strong>, du <strong>refus du client\u00e9lisme<\/strong>.<\/li>\n\n\n\n<li>Ancrage spirituel et \u00e9thique dans un monde mat\u00e9rialiste.<\/li>\n<\/ul>\n\n\n\n<p class=\"wp-block-paragraph\"><em>\u00ab Un engagement propre, clair, et sinc\u00e8re. \u00bb<\/em><\/p>\n\n\n\n<hr class=\"wp-block-separator has-alpha-channel-opacity\"\/>\n\n\n\n<h3 class=\"wp-block-heading\">\ud83d\udfe0 <strong>Orange \u2014 L\u2019\u00e9lan vital et le renouveau<\/strong><\/h3>\n\n\n\n<p class=\"wp-block-paragraph\"><strong>Symbolique principale : \u00c9nergie, libert\u00e9, cr\u00e9ativit\u00e9, optimisme<\/strong><\/p>\n\n\n\n<ul class=\"wp-block-list\">\n<li>Couleur du <strong>dynamisme social<\/strong> et de l\u2019<strong>\u00e9conomie vivante<\/strong>, port\u00e9e vers l\u2019avenir.<\/li>\n\n\n\n<li>Incarne <strong>le courage r\u00e9formateur<\/strong>, <strong>la vitalit\u00e9 de la jeunesse<\/strong>, et <strong>la chaleur populaire<\/strong>.<\/li>\n\n\n\n<li>Rappelle <strong>le lien au peuple<\/strong> et l\u2019importance du <strong>bon sens<\/strong>, de la <strong>terre<\/strong>, de la <strong>culture<\/strong>.<\/li>\n\n\n\n<li>C\u2019est aussi <strong>la modernit\u00e9 dans l\u2019humain<\/strong> : le plaisir de vivre, la jouissance \u00e9clair\u00e9e (sybaritisme), la convivialit\u00e9.<\/li>\n\n\n\n<li>\u00c9quilibre la froideur potentielle du bleu avec une <strong>dimension chaleureuse et humaine<\/strong>.<\/li>\n<\/ul>\n\n\n\n<p class=\"wp-block-paragraph\"><em>\u00ab L\u2019intelligence au service du vivant. \u00bb<\/em><\/p>\n\n\n\n<hr class=\"wp-block-separator has-alpha-channel-opacity\"\/>\n\n\n\n<h3 class=\"wp-block-heading\">\u2705 R\u00e9sum\u00e9 visuel symbolique<\/h3>\n\n\n\n<figure class=\"wp-block-table\"><table class=\"has-fixed-layout\"><thead><tr><td><strong>Couleur<\/strong><strong><\/strong><\/td><td><strong>Symbolique centrale<\/strong><strong><\/strong><\/td><td><strong>Valeurs associ\u00e9es<\/strong><strong><\/strong><\/td><\/tr><\/thead><tbody><tr><td>\ud83d\udd35 Bleu<\/td><td>Modernit\u00e9 \u00e9clair\u00e9e, stabilit\u00e9, responsabilit\u00e9<\/td><td>Justice \u2013 Europe \u2013 Savoir \u2013 \u00c9tat<\/td><\/tr><tr><td>\u26aa Blanc<\/td><td>Unit\u00e9 morale, clart\u00e9, spiritualit\u00e9<\/td><td>\u00c9thique \u2013 Transparence \u2013 Dignit\u00e9<\/td><\/tr><tr><td>\ud83d\udfe0 Orange<\/td><td>Vitalit\u00e9 populaire, cr\u00e9ativit\u00e9, renouveau<\/td><td>Peuple \u2013 Travail \u2013 Plaisir \u2013 R\u00e9forme<\/td><\/tr><\/tbody><\/table><\/figure>\n","protected":false},"excerpt":{"rendered":"<p>Voici une proposition de symbolique coh\u00e9rente et forte pour les trois couleurs du Mouvement Droite Moderniste (MDM) : bleu, blanc et orange, en lien avec les valeurs d\u00e9finies pour le mouvement (modernisme soci\u00e9tal, patriotisme civique, social-lib\u00e9ralisme, spiritualisme, etc.). \ud83d\udd35 Bleu \u2014 La stabilit\u00e9 \u00e9clair\u00e9e Symbolique principale : Confiance, sagesse, responsabilit\u00e9, avenir \u00ab Une droite qui [&hellip;]<\/p>\n","protected":false},"author":1,"featured_media":0,"comment_status":"open","ping_status":"open","sticky":false,"template":"","format":"standard","meta":{"_monsterinsights_skip_tracking":false,"_uf_show_specific_survey":0,"_uf_disable_surveys":false,"footnotes":""},"categories":[18],"tags":[],"class_list":["post-1147","post","type-post","status-publish","format-standard","hentry","category-droite"],"_links":{"self":[{"href":"https:\/\/droitemoderniste.be\/index.php\/wp-json\/wp\/v2\/posts\/1147","targetHints":{"allow":["GET"]}}],"collection":[{"href":"https:\/\/droitemoderniste.be\/index.php\/wp-json\/wp\/v2\/posts"}],"about":[{"href":"https:\/\/droitemoderniste.be\/index.php\/wp-json\/wp\/v2\/types\/post"}],"author":[{"embeddable":true,"href":"https:\/\/droitemoderniste.be\/index.php\/wp-json\/wp\/v2\/users\/1"}],"replies":[{"embeddable":true,"href":"https:\/\/droitemoderniste.be\/index.php\/wp-json\/wp\/v2\/comments?post=1147"}],"version-history":[{"count":2,"href":"https:\/\/droitemoderniste.be\/index.php\/wp-json\/wp\/v2\/posts\/1147\/revisions"}],"predecessor-version":[{"id":1150,"href":"https:\/\/droitemoderniste.be\/index.php\/wp-json\/wp\/v2\/posts\/1147\/revisions\/1150"}],"wp:attachment":[{"href":"https:\/\/droitemoderniste.be\/index.php\/wp-json\/wp\/v2\/media?parent=1147"}],"wp:term":[{"taxonomy":"category","embeddable":true,"href":"https:\/\/droitemoderniste.be\/index.php\/wp-json\/wp\/v2\/categories?post=1147"},{"taxonomy":"post_tag","embeddable":true,"href":"https:\/\/droitemoderniste.be\/index.php\/wp-json\/wp\/v2\/tags?post=1147"}],"curies":[{"name":"wp","href":"https:\/\/api.w.org\/{rel}","templated":true}]}}