{"id":1117,"date":"2025-09-19T08:57:50","date_gmt":"2025-09-19T06:57:50","guid":{"rendered":"https:\/\/droitemoderniste.be\/?p=1117"},"modified":"2025-09-19T08:57:50","modified_gmt":"2025-09-19T06:57:50","slug":"ampleur-de-la-fraude-sociale","status":"publish","type":"post","link":"https:\/\/droitemoderniste.be\/index.php\/2025\/09\/19\/ampleur-de-la-fraude-sociale\/","title":{"rendered":"Ampleur de la fraude sociale"},"content":{"rendered":"\n<figure class=\"wp-block-image size-full\"><img loading=\"lazy\" decoding=\"async\" width=\"301\" height=\"167\" src=\"https:\/\/droitemoderniste.be\/wp-content\/uploads\/2025\/09\/fraude-soc2.jpg\" alt=\"\" class=\"wp-image-1118\"\/><\/figure>\n\n\n\n<p class=\"wp-block-paragraph\">L\u2019ampleur de l\u2019\u00e9conomie souterraine (incluant la fraude sociale et fiscale) &nbsp;en Belgique reste difficile \u00e0 mesurer pr\u00e9cis\u00e9ment, mais les estimations officielles la situent autour de 3,8% du PIB, soit pr\u00e8s de 20 milliards d\u2019euros par an, avec une fraude d\u00e9tect\u00e9e repr\u00e9sentant environ 290 millions d\u2019euros r\u00e9cup\u00e9r\u00e9s chaque ann\u00e9e.<\/p>\n\n\n\n<p class=\"wp-block-paragraph\">Les montants recouvr\u00e9s restent donc faibles (environ 0,3 % du budget de la s\u00e9curit\u00e9 sociale), parce que la chasse aux fraudeurs est assez mal calibr\u00e9e et donc tr\u00e8s peu efficace.<\/p>\n\n\n\n<p class=\"wp-block-paragraph\">Si on parvenait \u00e0 am\u00e9liorer l\u2019efficacit\u00e9 de la chasse aux fraudeurs de ne fut-ce que 15 %, il ne serait plus n\u00e9cessaire de raboter les allocations sociales de l\u2019ensemble des b\u00e9n\u00e9ficiaires.<\/p>\n\n\n\n<p class=\"wp-block-paragraph\">En 2025, un tiers des entreprises contr\u00f4l\u00e9es pr\u00e9sente une infraction de fraude sociale, avec des taux atteignant 60% dans certains secteurs comme la restauration et le nettoyage.<\/p>\n\n\n\n<p class=\"wp-block-paragraph\">La fraude sociale recouvre :<\/p>\n\n\n\n<ul class=\"wp-block-list\">\n<li>Le travail non d\u00e9clar\u00e9 (travail au noir, fraude salariale)<\/li>\n\n\n\n<li>Les infractions aux cotisations sociales patronales et salariales<\/li>\n\n\n\n<li>Les allocations per\u00e7ues ind\u00fbment (ch\u00f4mage, pensions, revenus d\u2019int\u00e9gration, etc.)<\/li>\n<\/ul>\n\n\n\n<p class=\"wp-block-paragraph\">Les secteurs les plus touch\u00e9s :<\/p>\n\n\n\n<ul class=\"wp-block-list\">\n<li>Restauration<\/li>\n\n\n\n<li>Nettoyage<\/li>\n\n\n\n<li>Stations de lavage<\/li>\n<\/ul>\n\n\n\n<p class=\"wp-block-paragraph\">Dans les contr\u00f4les cibl\u00e9s en 2025 :<\/p>\n\n\n\n<ul class=\"wp-block-list\">\n<li>7.500 inspections ont \u00e9t\u00e9 men\u00e9es au premier semestre, dont 35% ont r\u00e9v\u00e9l\u00e9 une infraction.<\/li>\n\n\n\n<li>Pr\u00e8s de 60% des inspections dans certains secteurs (ex : car-wash) mettent au jour des pratiques frauduleuses.<\/li>\n<\/ul>\n\n\n\n<p class=\"wp-block-paragraph\"><strong>Perception et comportements<\/strong><\/p>\n\n\n\n<ul class=\"wp-block-list\">\n<li>38% des Belges reconnaissent avoir achet\u00e9 des biens ou services \u00ab au noir \u00bb.<\/li>\n\n\n\n<li>24% avouent ne pas toujours remplir correctement leur d\u00e9claration fiscale.<\/li>\n<\/ul>\n\n\n\n<p class=\"wp-block-paragraph\"><strong>Limitations et enjeux<\/strong><\/p>\n\n\n\n<ul class=\"wp-block-list\">\n<li>Les chiffres officiels ne captent qu\u2019une fraction de la fraude r\u00e9elle, celle qui est effectivement d\u00e9tect\u00e9e et sanctionn\u00e9e.<\/li>\n\n\n\n<li>La lutte contre la fraude sociale est un axe prioritaire pour le <mark style=\"background-color:rgba(0, 0, 0, 0);color:#ff6900\" class=\"has-inline-color\">MDM<\/mark>, avec le recrutement de 600 inspecteurs suppl\u00e9mentaires (deux fois plus que ce que pr\u00e9voit le gouvernement) d\u2019ici 2029 pour renforcer les contr\u00f4les.<\/li>\n<\/ul>\n\n\n\n<p class=\"wp-block-paragraph\">En r\u00e9sum\u00e9, la <strong>fraude sociale en Belgique<\/strong> pr\u00e9sente une ampleur structurelle, estim\u00e9e \u00e0 plusieurs milliards d\u2019euros, m\u00eame si la part effectivement d\u00e9tect\u00e9e reste marginale par rapport \u00e0 l\u2019impact total pour le syst\u00e8me social et fiscal du pays.<\/p>\n\n\n\n<p class=\"wp-block-paragraph\"><\/p>\n","protected":false},"excerpt":{"rendered":"<p>L\u2019ampleur de l\u2019\u00e9conomie souterraine (incluant la fraude sociale et fiscale) &nbsp;en Belgique reste difficile \u00e0 mesurer pr\u00e9cis\u00e9ment, mais les estimations officielles la situent autour de 3,8% du PIB, soit pr\u00e8s de 20 milliards d\u2019euros par an, avec une fraude d\u00e9tect\u00e9e repr\u00e9sentant environ 290 millions d\u2019euros r\u00e9cup\u00e9r\u00e9s chaque ann\u00e9e. Les montants recouvr\u00e9s restent donc faibles (environ [&hellip;]<\/p>\n","protected":false},"author":1,"featured_media":0,"comment_status":"open","ping_status":"open","sticky":false,"template":"","format":"standard","meta":{"_monsterinsights_skip_tracking":false,"_uf_show_specific_survey":0,"_uf_disable_surveys":false,"footnotes":""},"categories":[24],"tags":[],"class_list":["post-1117","post","type-post","status-publish","format-standard","hentry","category-justice-sociale"],"_links":{"self":[{"href":"https:\/\/droitemoderniste.be\/index.php\/wp-json\/wp\/v2\/posts\/1117","targetHints":{"allow":["GET"]}}],"collection":[{"href":"https:\/\/droitemoderniste.be\/index.php\/wp-json\/wp\/v2\/posts"}],"about":[{"href":"https:\/\/droitemoderniste.be\/index.php\/wp-json\/wp\/v2\/types\/post"}],"author":[{"embeddable":true,"href":"https:\/\/droitemoderniste.be\/index.php\/wp-json\/wp\/v2\/users\/1"}],"replies":[{"embeddable":true,"href":"https:\/\/droitemoderniste.be\/index.php\/wp-json\/wp\/v2\/comments?post=1117"}],"version-history":[{"count":1,"href":"https:\/\/droitemoderniste.be\/index.php\/wp-json\/wp\/v2\/posts\/1117\/revisions"}],"predecessor-version":[{"id":1119,"href":"https:\/\/droitemoderniste.be\/index.php\/wp-json\/wp\/v2\/posts\/1117\/revisions\/1119"}],"wp:attachment":[{"href":"https:\/\/droitemoderniste.be\/index.php\/wp-json\/wp\/v2\/media?parent=1117"}],"wp:term":[{"taxonomy":"category","embeddable":true,"href":"https:\/\/droitemoderniste.be\/index.php\/wp-json\/wp\/v2\/categories?post=1117"},{"taxonomy":"post_tag","embeddable":true,"href":"https:\/\/droitemoderniste.be\/index.php\/wp-json\/wp\/v2\/tags?post=1117"}],"curies":[{"name":"wp","href":"https:\/\/api.w.org\/{rel}","templated":true}]}}