{"id":1097,"date":"2025-09-17T08:59:20","date_gmt":"2025-09-17T06:59:20","guid":{"rendered":"https:\/\/droitemoderniste.be\/?p=1097"},"modified":"2025-09-17T08:59:20","modified_gmt":"2025-09-17T06:59:20","slug":"il-est-contre-productif-de-nier-les-problemes-migratoires-et-lislamisation-de-notre-continent","status":"publish","type":"post","link":"https:\/\/droitemoderniste.be\/index.php\/2025\/09\/17\/il-est-contre-productif-de-nier-les-problemes-migratoires-et-lislamisation-de-notre-continent\/","title":{"rendered":"Il est contre-productif de nier les probl\u00e8mes migratoires \u00a0et l\u2019islamisation de notre continent"},"content":{"rendered":"\n<figure class=\"wp-block-image size-full\"><img loading=\"lazy\" decoding=\"async\" width=\"640\" height=\"360\" src=\"https:\/\/droitemoderniste.be\/wp-content\/uploads\/2025\/09\/integration.jpg\" alt=\"\" class=\"wp-image-1098\" srcset=\"https:\/\/droitemoderniste.be\/wp-content\/uploads\/2025\/09\/integration.jpg 640w, https:\/\/droitemoderniste.be\/wp-content\/uploads\/2025\/09\/integration-300x169.jpg 300w\" sizes=\"auto, (max-width: 640px) 100vw, 640px\" \/><\/figure>\n\n\n\n<p class=\"wp-block-paragraph\"><\/p>\n\n\n\n<p class=\"wp-block-paragraph\"><strong>Le <mark style=\"background-color:rgba(0, 0, 0, 0);color:#ff6900\" class=\"has-inline-color\">MDM <\/mark>\u00a0a un Programme politique simple\u00a0:<\/strong><\/p>\n\n\n\n<ul class=\"wp-block-list\">\n<li><strong>Des fronti\u00e8res prot\u00e9g\u00e9es<\/strong><ul><li><strong>Un refus de l\u2019islamisme<\/strong><\/li><\/ul><ul><li><strong>L\u2019expulsion des ill\u00e9gaux (entre 100 000 et 200 000 personnes sans titre de s\u00e9jour)<\/strong><\/li><\/ul>\n<ul class=\"wp-block-list\">\n<li><strong>Une vie d\u00e9cente pour les nationaux (ind\u00e9pendamment de la couleur de peau, du sexe ou de la religion)<\/strong><\/li>\n<\/ul>\n<\/li>\n<\/ul>\n\n\n\n<p class=\"wp-block-paragraph\">Le nombre de migrants ill\u00e9gaux (personnes sans titre de s\u00e9jour, \u00ab sans-papiers \u00bb) pr\u00e9sents sur le sol belge est estim\u00e9 \u00e0 environ 112 000 en 2023, selon une \u00e9tude scientifique de la VUB, chiffre qui reste une r\u00e9f\u00e9rence en 2025 faute de statistiques publiques plus r\u00e9centes.<\/p>\n\n\n\n<p class=\"wp-block-paragraph\"><strong>M\u00e9thodologie d&rsquo;estimation<\/strong><\/p>\n\n\n\n<ul class=\"wp-block-list\">\n<li>Ce chiffre de 112 000 est issu d&rsquo;une extrapolation \u00e0 partir des d\u00e9c\u00e8s de personnes non enregistr\u00e9es en Belgique, en soustrayant touristes et demandeurs d&rsquo;asile en r\u00e8gle.<\/li>\n\n\n\n<li>Il ne s&rsquo;agit pas d&rsquo;une statistique \u00ab officielle \u00bb car le comptage des personnes en s\u00e9jour irr\u00e9gulier reste par nature impr\u00e9cis et sujet \u00e0 d\u00e9bat.<\/li>\n\n\n\n<li>D&rsquo;autres sources \u00e9voquent des estimations plus larges, certaines jusqu\u2019\u00e0 200 000, mais la m\u00e9thodologie de la VUB (Universit\u00e9 Libre de Bruxelles, section n\u00e9erlandophone) est la plus d\u00e9taill\u00e9e et fr\u00e9quemment cit\u00e9e dans les d\u00e9bats belges.<\/li>\n<\/ul>\n\n\n\n<p class=\"wp-block-paragraph\"><strong>Caract\u00e9ristiques et localisation<\/strong><\/p>\n\n\n\n<ul class=\"wp-block-list\">\n<li>Pr\u00e8s de la moiti\u00e9 des migrants ill\u00e9gaux pr\u00e9sents (environ 52 000, selon la VUB, entre 50 000 et 90 000 selon d\u2019autres sources) vivraient dans la R\u00e9gion de Bruxelles-Capitale.<\/li>\n\n\n\n<li>Ces personnes viennent essentiellement de pays ext\u00e9rieurs \u00e0 l\u2019Espace Schengen.<\/li>\n<\/ul>\n\n\n\n<p class=\"wp-block-paragraph\"><strong>Donn\u00e9es alternatives et nuance<\/strong><\/p>\n\n\n\n<ul class=\"wp-block-list\">\n<li>D\u2019autres acteurs (associatifs, Caritas, etc.) avancent parfois des fourchettes sup\u00e9rieures, autour de 150 000, voire de 200 000, \u00a0notamment en int\u00e9grant d\u2019autres cat\u00e9gories de sans-papiers ou sur la base d\u2019enqu\u00eates locales.<\/li>\n\n\n\n<li>Malgr\u00e9 le durcissement de la politique migratoire belge en 2025, aucune estimation officielle plus basse ou plus r\u00e9cente n\u2019a \u00e9t\u00e9 publi\u00e9e \u00e0 ce jour par l\u2019\u00c9tat f\u00e9d\u00e9ral.<\/li>\n<\/ul>\n\n\n\n<p class=\"wp-block-paragraph\">En r\u00e9sum\u00e9, l\u2019estimation la plus largement reconnue pour le nombre de migrants ill\u00e9gaux en Belgique en 2025 reste proche de la fourchette 100 000 \u2013 200 000 personnes, avec une proportion importante \u00e0 Bruxelles, ce qui repr\u00e9sente environ 1,5 % de la population belge totale.<\/p>\n","protected":false},"excerpt":{"rendered":"<p>Le MDM \u00a0a un Programme politique simple\u00a0: Le nombre de migrants ill\u00e9gaux (personnes sans titre de s\u00e9jour, \u00ab sans-papiers \u00bb) pr\u00e9sents sur le sol belge est estim\u00e9 \u00e0 environ 112 000 en 2023, selon une \u00e9tude scientifique de la VUB, chiffre qui reste une r\u00e9f\u00e9rence en 2025 faute de statistiques publiques plus r\u00e9centes. M\u00e9thodologie d&rsquo;estimation [&hellip;]<\/p>\n","protected":false},"author":1,"featured_media":0,"comment_status":"open","ping_status":"open","sticky":false,"template":"","format":"standard","meta":{"_monsterinsights_skip_tracking":false,"_uf_show_specific_survey":0,"_uf_disable_surveys":false,"footnotes":""},"categories":[18],"tags":[],"class_list":["post-1097","post","type-post","status-publish","format-standard","hentry","category-droite"],"_links":{"self":[{"href":"https:\/\/droitemoderniste.be\/index.php\/wp-json\/wp\/v2\/posts\/1097","targetHints":{"allow":["GET"]}}],"collection":[{"href":"https:\/\/droitemoderniste.be\/index.php\/wp-json\/wp\/v2\/posts"}],"about":[{"href":"https:\/\/droitemoderniste.be\/index.php\/wp-json\/wp\/v2\/types\/post"}],"author":[{"embeddable":true,"href":"https:\/\/droitemoderniste.be\/index.php\/wp-json\/wp\/v2\/users\/1"}],"replies":[{"embeddable":true,"href":"https:\/\/droitemoderniste.be\/index.php\/wp-json\/wp\/v2\/comments?post=1097"}],"version-history":[{"count":1,"href":"https:\/\/droitemoderniste.be\/index.php\/wp-json\/wp\/v2\/posts\/1097\/revisions"}],"predecessor-version":[{"id":1099,"href":"https:\/\/droitemoderniste.be\/index.php\/wp-json\/wp\/v2\/posts\/1097\/revisions\/1099"}],"wp:attachment":[{"href":"https:\/\/droitemoderniste.be\/index.php\/wp-json\/wp\/v2\/media?parent=1097"}],"wp:term":[{"taxonomy":"category","embeddable":true,"href":"https:\/\/droitemoderniste.be\/index.php\/wp-json\/wp\/v2\/categories?post=1097"},{"taxonomy":"post_tag","embeddable":true,"href":"https:\/\/droitemoderniste.be\/index.php\/wp-json\/wp\/v2\/tags?post=1097"}],"curies":[{"name":"wp","href":"https:\/\/api.w.org\/{rel}","templated":true}]}}