{"id":1094,"date":"2025-09-16T14:19:53","date_gmt":"2025-09-16T12:19:53","guid":{"rendered":"https:\/\/droitemoderniste.be\/?p=1094"},"modified":"2025-09-16T14:19:53","modified_gmt":"2025-09-16T12:19:53","slug":"mesures-fiscales-et-financieres-concretes-pour-nos-agriculteurs","status":"publish","type":"post","link":"https:\/\/droitemoderniste.be\/index.php\/2025\/09\/16\/mesures-fiscales-et-financieres-concretes-pour-nos-agriculteurs\/","title":{"rendered":"Mesures fiscales et financi\u00e8res concr\u00e8tes pour nos agriculteurs"},"content":{"rendered":"\n<figure class=\"wp-block-image size-full\"><img loading=\"lazy\" decoding=\"async\" width=\"252\" height=\"200\" src=\"https:\/\/droitemoderniste.be\/wp-content\/uploads\/2025\/09\/agriculture-van-gogh.jpg\" alt=\"\" class=\"wp-image-1095\"\/><\/figure>\n\n\n\n<p class=\"wp-block-paragraph\">Voici les principales <strong>mesures fiscales et aides publiques <\/strong>que nous envisageons<strong> pour encourager la reprise d\u2019exploitations par les jeunes agriculteurs en Belgique.<\/strong> Elles reposent sur plusieurs dispositifs cibl\u00e9s visant \u00e0 faciliter l\u2019installation, r\u00e9duire les co\u00fbts et s\u00e9curiser les revenus des nouveaux exploitants.<\/p>\n\n\n\n<p class=\"wp-block-paragraph\"><strong>Mesures fiscales et financi\u00e8res concr\u00e8tes<\/strong><\/p>\n\n\n\n<ul class=\"wp-block-list\">\n<li><strong>R\u00e9ductions des droits de succession et des droits d\u2019enregistrement<\/strong> \u00e0 la transmission d\u2019exploitations en faveur des jeunes repreneurs, notamment pour \u00e9viter la sp\u00e9culation fonci\u00e8re et faciliter le transfert des terres.<\/li>\n\n\n\n<li><strong>Aides \u00e0 l\u2019installation forfaitaires<\/strong> importantes, comme la prime ADISA en Wallonie qui peut atteindre 70 000 euros HTVA, destin\u00e9e aux jeunes agriculteurs s\u2019installant pour la premi\u00e8re fois par cr\u00e9ation ou reprise d\u2019exploitation.<\/li>\n\n\n\n<li><strong>Majorations des paiements directs de la PAC<\/strong> aux jeunes agriculteurs (au moins 3% du budget des paiements directs est r\u00e9serv\u00e9 \u00e0 cette cat\u00e9gorie), avec aides compl\u00e9mentaires au revenu, \u00e0 l\u2019investissement et \u00e0 l\u2019installation.<\/li>\n\n\n\n<li><strong>Incitations fiscales aux baux de longue dur\u00e9e et baux de carri\u00e8re<\/strong>, facilitant l\u2019acc\u00e8s au foncier pour les jeunes et s\u00e9curisant leur installation sur le long terme.<\/li>\n<\/ul>\n\n\n\n<p class=\"wp-block-paragraph\"><strong>Accompagnements compl\u00e9mentaires<\/strong><\/p>\n\n\n\n<ul class=\"wp-block-list\">\n<li>Mise en place de services d\u2019accompagnement administratif, juridique et fiscal pour lever les barri\u00e8res \u00e0 l\u2019installation.<\/li>\n\n\n\n<li>Facilitation du portage foncier par des dispositifs publics ou parapublics pour \u00e9viter l\u2019accaparement du foncier par des tiers non exploitants.<\/li>\n\n\n\n<li>Soutien renforc\u00e9 aux jeunes via des aides \u00e0 l\u2019investissement, d\u00e9veloppement des comp\u00e9tences, conseil technique et accompagnement personnalis\u00e9 pendant les premi\u00e8res ann\u00e9es d\u2019activit\u00e9.<\/li>\n<\/ul>\n\n\n\n<p class=\"wp-block-paragraph\">Ces mesures fiscales et financi\u00e8res modernistes forment un cadre global visant \u00e0 s\u00e9curiser les transmissions interg\u00e9n\u00e9rationnelles et \u00e0 rendre la reprise d\u2019exploitation plus accessible et attractive aux jeunes agriculteurs, tout en favorisant une agriculture durable et innovante.<\/p>\n","protected":false},"excerpt":{"rendered":"<p>Voici les principales mesures fiscales et aides publiques que nous envisageons pour encourager la reprise d\u2019exploitations par les jeunes agriculteurs en Belgique. Elles reposent sur plusieurs dispositifs cibl\u00e9s visant \u00e0 faciliter l\u2019installation, r\u00e9duire les co\u00fbts et s\u00e9curiser les revenus des nouveaux exploitants. Mesures fiscales et financi\u00e8res concr\u00e8tes Accompagnements compl\u00e9mentaires Ces mesures fiscales et financi\u00e8res modernistes [&hellip;]<\/p>\n","protected":false},"author":1,"featured_media":0,"comment_status":"open","ping_status":"open","sticky":false,"template":"","format":"standard","meta":{"_monsterinsights_skip_tracking":false,"_uf_show_specific_survey":0,"_uf_disable_surveys":false,"footnotes":""},"categories":[5],"tags":[],"class_list":["post-1094","post","type-post","status-publish","format-standard","hentry","category-agriculture"],"_links":{"self":[{"href":"https:\/\/droitemoderniste.be\/index.php\/wp-json\/wp\/v2\/posts\/1094","targetHints":{"allow":["GET"]}}],"collection":[{"href":"https:\/\/droitemoderniste.be\/index.php\/wp-json\/wp\/v2\/posts"}],"about":[{"href":"https:\/\/droitemoderniste.be\/index.php\/wp-json\/wp\/v2\/types\/post"}],"author":[{"embeddable":true,"href":"https:\/\/droitemoderniste.be\/index.php\/wp-json\/wp\/v2\/users\/1"}],"replies":[{"embeddable":true,"href":"https:\/\/droitemoderniste.be\/index.php\/wp-json\/wp\/v2\/comments?post=1094"}],"version-history":[{"count":1,"href":"https:\/\/droitemoderniste.be\/index.php\/wp-json\/wp\/v2\/posts\/1094\/revisions"}],"predecessor-version":[{"id":1096,"href":"https:\/\/droitemoderniste.be\/index.php\/wp-json\/wp\/v2\/posts\/1094\/revisions\/1096"}],"wp:attachment":[{"href":"https:\/\/droitemoderniste.be\/index.php\/wp-json\/wp\/v2\/media?parent=1094"}],"wp:term":[{"taxonomy":"category","embeddable":true,"href":"https:\/\/droitemoderniste.be\/index.php\/wp-json\/wp\/v2\/categories?post=1094"},{"taxonomy":"post_tag","embeddable":true,"href":"https:\/\/droitemoderniste.be\/index.php\/wp-json\/wp\/v2\/tags?post=1094"}],"curies":[{"name":"wp","href":"https:\/\/api.w.org\/{rel}","templated":true}]}}