{"id":1070,"date":"2025-09-15T08:38:29","date_gmt":"2025-09-15T06:38:29","guid":{"rendered":"https:\/\/droitemoderniste.be\/?p=1070"},"modified":"2025-09-15T08:38:29","modified_gmt":"2025-09-15T06:38:29","slug":"la-protection-animale-un-droit-fondamental","status":"publish","type":"post","link":"https:\/\/droitemoderniste.be\/index.php\/2025\/09\/15\/la-protection-animale-un-droit-fondamental\/","title":{"rendered":"La protection animale, un droit fondamental!"},"content":{"rendered":"\n<figure class=\"wp-block-image size-full\"><img loading=\"lazy\" decoding=\"async\" width=\"287\" height=\"175\" src=\"https:\/\/droitemoderniste.be\/wp-content\/uploads\/2025\/09\/combats-chiensA.jpg\" alt=\"\" class=\"wp-image-1071\"\/><\/figure>\n\n\n\n<p class=\"wp-block-paragraph\">Pour le <mark style=\"background-color:rgba(0, 0, 0, 0);color:#ff6900\" class=\"has-inline-color\">MDM<\/mark>, la protection animale n\u2019est pas une simple revendication mais un droit fondamental. Une cause \u00e9thique majeure et institutionnelle puisque l\u2019inscription du bien-\u00eatre animal dans la Constitution belge est une r\u00e9alit\u00e9 incontournable et l\u00e9gitimement prot\u00e9g\u00e9e au plus haut niveau.<\/p>\n\n\n\n<p class=\"wp-block-paragraph\">\u00c9gorger des animaux dans les domiciles priv\u00e9s ou sur la place publique est contraire \u00e0 la Constitution belge. Le bien-\u00eatre animal a un statut constitutionnel\u00a0: l\u2019\u00e9gorgement non\u00a0! D\u00e8s lors les coutumes barbares de nos invit\u00e9s du Maghreb et du Moyen-Orient sont anticonstitutionnelles et doivent \u00eatre interdites.<\/p>\n\n\n\n<p class=\"wp-block-paragraph\">L\u2019abattage rituel (par \u00e9gorgement sans \u00e9tourdissement pr\u00e9alable) n\u2019a aucun statut constitutionnel tandis que le bien-\u00eatre animal oui&nbsp;!<\/p>\n\n\n\n<p class=\"wp-block-paragraph\">Pour changer la triste r\u00e9alit\u00e9 (En Belgique, l\u2019abattage rituel d\u2019animaux (moutons, agneaux, etc.) ne b\u00e9n\u00e9ficie pas d\u2019un statut constitutionnel particulier, pour ne pas stigmatiser des populations adulatrices de rituels), nous exigeons que soit pleinement appliqu\u00e9 ce principe constitutionnel du bien-\u00eatre animal par des lois ambitieuses de protection animale (interdiction de l\u2019\u00e9gorgement, de l\u2019abattage rituel, interdiction des \u00e9levages intensifs, interdiction des combats de chiens et des combats de coqs, sanctions financi\u00e8res, juridiques et p\u00e9nales renforc\u00e9es\u2026).<\/p>\n\n\n\n<p class=\"wp-block-paragraph\">Nous allons interpeller sans rel\u00e2che les \u00e9lus et les administrations afin qu\u2019ils respectent et appliquent ce principe, en les tenant responsables publiquement en cas d\u2019inaction ou de manquements.<\/p>\n\n\n\n<p class=\"wp-block-paragraph\">Nous nous adressons non seulement aux militants animalistes traditionnels mais \u00e9galement \u00e0 un public sensible aux valeurs de justice, de respect et de progr\u00e8s social. Nous souhaitons attirer des \u00e9lecteurs indiff\u00e9rents ou mod\u00e9r\u00e9s int\u00e9ress\u00e9s par une cause \u00e9thique d\u00e9sormais institutionnelle.<\/p>\n\n\n\n<p class=\"wp-block-paragraph\">Nous le clamons haut et fort&nbsp;: la protection animale doit primer sur la libert\u00e9 de religion et sur la libert\u00e9 \u00e9conomique&nbsp;!<\/p>\n","protected":false},"excerpt":{"rendered":"<p>Pour le MDM, la protection animale n\u2019est pas une simple revendication mais un droit fondamental. Une cause \u00e9thique majeure et institutionnelle puisque l\u2019inscription du bien-\u00eatre animal dans la Constitution belge est une r\u00e9alit\u00e9 incontournable et l\u00e9gitimement prot\u00e9g\u00e9e au plus haut niveau. \u00c9gorger des animaux dans les domiciles priv\u00e9s ou sur la place publique est contraire [&hellip;]<\/p>\n","protected":false},"author":1,"featured_media":0,"comment_status":"open","ping_status":"open","sticky":false,"template":"","format":"standard","meta":{"_monsterinsights_skip_tracking":false,"_uf_show_specific_survey":0,"_uf_disable_surveys":false,"footnotes":""},"categories":[30],"tags":[],"class_list":["post-1070","post","type-post","status-publish","format-standard","hentry","category-animalisme"],"_links":{"self":[{"href":"https:\/\/droitemoderniste.be\/index.php\/wp-json\/wp\/v2\/posts\/1070","targetHints":{"allow":["GET"]}}],"collection":[{"href":"https:\/\/droitemoderniste.be\/index.php\/wp-json\/wp\/v2\/posts"}],"about":[{"href":"https:\/\/droitemoderniste.be\/index.php\/wp-json\/wp\/v2\/types\/post"}],"author":[{"embeddable":true,"href":"https:\/\/droitemoderniste.be\/index.php\/wp-json\/wp\/v2\/users\/1"}],"replies":[{"embeddable":true,"href":"https:\/\/droitemoderniste.be\/index.php\/wp-json\/wp\/v2\/comments?post=1070"}],"version-history":[{"count":1,"href":"https:\/\/droitemoderniste.be\/index.php\/wp-json\/wp\/v2\/posts\/1070\/revisions"}],"predecessor-version":[{"id":1072,"href":"https:\/\/droitemoderniste.be\/index.php\/wp-json\/wp\/v2\/posts\/1070\/revisions\/1072"}],"wp:attachment":[{"href":"https:\/\/droitemoderniste.be\/index.php\/wp-json\/wp\/v2\/media?parent=1070"}],"wp:term":[{"taxonomy":"category","embeddable":true,"href":"https:\/\/droitemoderniste.be\/index.php\/wp-json\/wp\/v2\/categories?post=1070"},{"taxonomy":"post_tag","embeddable":true,"href":"https:\/\/droitemoderniste.be\/index.php\/wp-json\/wp\/v2\/tags?post=1070"}],"curies":[{"name":"wp","href":"https:\/\/api.w.org\/{rel}","templated":true}]}}