{"id":1058,"date":"2025-09-14T08:50:19","date_gmt":"2025-09-14T06:50:19","guid":{"rendered":"https:\/\/droitemoderniste.be\/?p=1058"},"modified":"2025-09-14T08:50:19","modified_gmt":"2025-09-14T06:50:19","slug":"les-exportations-darmes-wallonnes-un-manque-a-gagner-absurde","status":"publish","type":"post","link":"https:\/\/droitemoderniste.be\/index.php\/2025\/09\/14\/les-exportations-darmes-wallonnes-un-manque-a-gagner-absurde\/","title":{"rendered":"Les exportations d&rsquo;armes wallonnes, un manque \u00e0 gagner absurde"},"content":{"rendered":"\n<figure class=\"wp-block-image size-full\"><img loading=\"lazy\" decoding=\"async\" width=\"275\" height=\"183\" src=\"https:\/\/droitemoderniste.be\/wp-content\/uploads\/2025\/09\/Armes-wall.jpg\" alt=\"\" class=\"wp-image-1059\"\/><\/figure>\n\n\n\n<p class=\"wp-block-paragraph\">Les exportations d\u2019armes wallonnes doivent devenir une priorit\u00e9 f\u00e9d\u00e9rale et r\u00e9gionale dans un contexte g\u00e9opolitique aussi porteur&nbsp;!<\/p>\n\n\n\n<p class=\"wp-block-paragraph\">Il y en a marre de la pression soci\u00e9tale Bisounours\u00a0! Les ONG mettent l\u2019\u00e9conomie wallonne et la \u00a0patrie est en danger\u00a0!<\/p>\n\n\n\n<p class=\"wp-block-paragraph\">Les exportations d\u2019armes wallonnes ont diminu\u00e9 de <strong>32% en 2024<\/strong> (\u00e0 860,7 millions \u20ac contre 1,265 milliard \u20ac en 2023) malgr\u00e9 un contexte g\u00e9opolitique porteur principalement \u00e0 cause de facteurs structurels, de mesures r\u00e9glementaires et de la fin de certains gros contrats \u00e0 destination de pays tiers.<\/p>\n\n\n\n<p class=\"wp-block-paragraph\"><strong>Principales causes du recul<\/strong><\/p>\n\n\n\n<ul class=\"wp-block-list\">\n<li><strong>Fin de gros contrats :<\/strong> La baisse des exportations wallonnes s\u2019explique en partie par la fin des livraisons de tourelles-canons John Cockerill assembl\u00e9es au Canada pour des v\u00e9hicules blind\u00e9s destin\u00e9s \u00e0 l\u2019Arabie saoudite, r\u00e9duisant fortement le volume global.<\/li>\n\n\n\n<li><strong>Suspensions de licences :<\/strong> Des ONG ont multipli\u00e9 les recours qui ont amen\u00e9 le Conseil d\u2019\u00c9tat \u00e0 suspendre ou limiter plusieurs licences d\u00e9livr\u00e9es \u00e0 des entreprises wallonnes, notamment vers des destinations controvers\u00e9es comme Isra\u00ebl ou l\u2019Arabie saoudite.<\/li>\n\n\n\n<li><strong>Durcissement des contr\u00f4les :<\/strong> Sous la pression nationale et internationale, la R\u00e9gion wallonne a d\u00fb appliquer davantage de crit\u00e8res de diligence raisonnable sur le respect des droits humains, ce qui a frein\u00e9 certains flux d\u2019exportation.<\/li>\n<\/ul>\n\n\n\n<p class=\"wp-block-paragraph\"><strong>Autres facteurs structuraux et conjoncturels<\/strong><\/p>\n\n\n\n<ul class=\"wp-block-list\">\n<li><strong>Comp\u00e9titivit\u00e9 et concurrence internationale :<\/strong> L\u2019industrie wallonne de l\u2019armement affronte une concurrence accrue, notamment vis-\u00e0-vis d\u2019autres r\u00e9gions qui sont parvenues \u00e0 augmenter leurs ventes (exemple de la Flandre : +60%).<\/li>\n\n\n\n<li><strong>Part croissante des destinataires priv\u00e9s :<\/strong> Sur les 1.618 licences accord\u00e9es en 2024, une majorit\u00e9 concerne des acteurs priv\u00e9s, ce qui modifie les circuits de distribution et peut ralentir certains volumes d\u2019exportation vers les \u00c9tats.<\/li>\n\n\n\n<li><strong>Opacit\u00e9 et manque de transparence :<\/strong> Le processus d\u00e9cisionnel wallon, qualifi\u00e9 d\u2019opaque et peu contr\u00f4l\u00e9, peut induire une prudence accrue et des blocages, notamment sur les destinations sensibles ou controvers\u00e9es.<\/li>\n<\/ul>\n\n\n\n<p class=\"wp-block-paragraph\"><strong>Destinations principales et tendances<\/strong><\/p>\n\n\n\n<ul class=\"wp-block-list\">\n<li><strong>Sites d\u2019exportation surtout europ\u00e9ens<\/strong> : France (97,6 M\u20ac), Italie (83,2 M\u20ac), Allemagne (77,8 M\u20ac), Royaume-Uni (52,4 M\u20ac), \u00c9tats-Unis (47,6 M\u20ac). Plusieurs pays tiers vis\u00e9s par des restrictions.<\/li>\n\n\n\n<li><strong>Effets indirects du contexte international :<\/strong> Le mouvement de r\u00e9armement europ\u00e9en n\u2019a pas pleinement profit\u00e9 \u00e0 la Wallonie, qui reste en retrait par rapport \u00e0 la tendance europ\u00e9enne de hausse des ventes d\u2019armes.<\/li>\n<\/ul>\n\n\n\n<p class=\"wp-block-paragraph\"><strong>Conclusion<\/strong><\/p>\n\n\n\n<p class=\"wp-block-paragraph\">La diminution de 32% (un manque \u00e0 gagner stupide pour une r\u00e9gion en difficult\u00e9 industrielle, \u00e9conomique et sociale) s\u2019explique principalement par la fin de contrats majeurs, le renforcement des restrictions sur les destinations \u00e0 risque, et le poids des proc\u00e9dures d\u2019octroi de licences, dans un environnement marqu\u00e9 par la pression soci\u00e9tale et juridique.<\/p>\n","protected":false},"excerpt":{"rendered":"<p>Les exportations d\u2019armes wallonnes doivent devenir une priorit\u00e9 f\u00e9d\u00e9rale et r\u00e9gionale dans un contexte g\u00e9opolitique aussi porteur&nbsp;! Il y en a marre de la pression soci\u00e9tale Bisounours\u00a0! Les ONG mettent l\u2019\u00e9conomie wallonne et la \u00a0patrie est en danger\u00a0! Les exportations d\u2019armes wallonnes ont diminu\u00e9 de 32% en 2024 (\u00e0 860,7 millions \u20ac contre 1,265 milliard [&hellip;]<\/p>\n","protected":false},"author":1,"featured_media":0,"comment_status":"open","ping_status":"open","sticky":false,"template":"","format":"standard","meta":{"_monsterinsights_skip_tracking":false,"_uf_show_specific_survey":0,"_uf_disable_surveys":false,"footnotes":""},"categories":[7],"tags":[],"class_list":["post-1058","post","type-post","status-publish","format-standard","hentry","category-defense"],"_links":{"self":[{"href":"https:\/\/droitemoderniste.be\/index.php\/wp-json\/wp\/v2\/posts\/1058","targetHints":{"allow":["GET"]}}],"collection":[{"href":"https:\/\/droitemoderniste.be\/index.php\/wp-json\/wp\/v2\/posts"}],"about":[{"href":"https:\/\/droitemoderniste.be\/index.php\/wp-json\/wp\/v2\/types\/post"}],"author":[{"embeddable":true,"href":"https:\/\/droitemoderniste.be\/index.php\/wp-json\/wp\/v2\/users\/1"}],"replies":[{"embeddable":true,"href":"https:\/\/droitemoderniste.be\/index.php\/wp-json\/wp\/v2\/comments?post=1058"}],"version-history":[{"count":1,"href":"https:\/\/droitemoderniste.be\/index.php\/wp-json\/wp\/v2\/posts\/1058\/revisions"}],"predecessor-version":[{"id":1060,"href":"https:\/\/droitemoderniste.be\/index.php\/wp-json\/wp\/v2\/posts\/1058\/revisions\/1060"}],"wp:attachment":[{"href":"https:\/\/droitemoderniste.be\/index.php\/wp-json\/wp\/v2\/media?parent=1058"}],"wp:term":[{"taxonomy":"category","embeddable":true,"href":"https:\/\/droitemoderniste.be\/index.php\/wp-json\/wp\/v2\/categories?post=1058"},{"taxonomy":"post_tag","embeddable":true,"href":"https:\/\/droitemoderniste.be\/index.php\/wp-json\/wp\/v2\/tags?post=1058"}],"curies":[{"name":"wp","href":"https:\/\/api.w.org\/{rel}","templated":true}]}}