{"id":1052,"date":"2025-09-13T14:17:45","date_gmt":"2025-09-13T12:17:45","guid":{"rendered":"https:\/\/droitemoderniste.be\/?p=1052"},"modified":"2025-09-13T14:17:45","modified_gmt":"2025-09-13T12:17:45","slug":"linscription-du-bien-etre-animal-dans-la-constitution-belge","status":"publish","type":"post","link":"https:\/\/droitemoderniste.be\/index.php\/2025\/09\/13\/linscription-du-bien-etre-animal-dans-la-constitution-belge\/","title":{"rendered":"L&rsquo;inscription du bien-\u00eatre animal dans la Constitution belge"},"content":{"rendered":"\n<figure class=\"wp-block-image size-full\"><img loading=\"lazy\" decoding=\"async\" width=\"289\" height=\"175\" src=\"https:\/\/droitemoderniste.be\/wp-content\/uploads\/2025\/09\/Abattage-rituel-C.jpg\" alt=\"\" class=\"wp-image-1053\"\/><\/figure>\n\n\n\n<p class=\"wp-block-paragraph\">L&rsquo;inscription du bien-\u00eatre animal dans la Constitution belge permet de tirer plusieurs arguments concrets pour une formation politique ou un mouvement comme le n\u00f4tre engag\u00e9 dans cette cause :<\/p>\n\n\n\n<p class=\"wp-block-paragraph\"><strong>Un levier juridique renforc\u00e9<\/strong><\/p>\n\n\n\n<p class=\"wp-block-paragraph\">L&rsquo;inscription constitutionnelle conf\u00e8re au bien-\u00eatre animal un statut sup\u00e9rieur \u00e0 la simple l\u00e9gislation ordinaire, rendant plus difficile la justification d&rsquo;actes de cruaut\u00e9 ou de traitements n\u00e9gligents. Cela offre une \u00ab arme suppl\u00e9mentaire \u00bb aux associations et citoyens pour contester juridiquement les pratiques maltraitantes et faire respecter la protection animale.<\/p>\n\n\n\n<p class=\"wp-block-paragraph\"><strong>Signal fort aux pouvoirs publics et aux juges<\/strong><\/p>\n\n\n\n<p class=\"wp-block-paragraph\">Ce texte engage formellement l&rsquo;\u00c9tat f\u00e9d\u00e9ral, les communaut\u00e9s et r\u00e9gions \u00e0 veiller au bien-\u00eatre des animaux, ce qui pousse les autorit\u00e9s \u00e0 prendre cette obligation au s\u00e9rieux dans leurs politiques et d\u00e9cisions. Au niveau judiciaire, cela incite les magistrats \u00e0 consid\u00e9rer avec plus de rigueur les affaires de maltraitance, augmentant ainsi la r\u00e9pression en cas de cruaut\u00e9.<\/p>\n\n\n\n<p class=\"wp-block-paragraph\"><strong>Reconnaissance symbolique et \u00e9volutive<\/strong><\/p>\n\n\n\n<p class=\"wp-block-paragraph\">La Constitution reconna\u00eet explicitement les animaux comme \u00ab \u00eatres sensibles \u00bb, d\u00e9passant ainsi la vision juridique ancienne o\u00f9 ils \u00e9taient consid\u00e9r\u00e9s comme des biens meubles. Cette \u00e9volution accompagne et l\u00e9gitime les changements soci\u00e9taux vers plus de respect et de compassion envers les animaux, marquant une avanc\u00e9e historique et durable.<\/p>\n\n\n\n<p class=\"wp-block-paragraph\"><strong>Fondement pour renforcer la l\u00e9gislation r\u00e9gionale et f\u00e9d\u00e9rale<\/strong><\/p>\n\n\n\n<p class=\"wp-block-paragraph\">Les gouvernements r\u00e9gionaux et f\u00e9d\u00e9ral doivent int\u00e9grer ce principe dans toutes leurs politiques publiques, assurant une harmonisation des normes de protection animale \u00e0 travers la Belgique. Cela offre un cadre solide pour renforcer et \u00e9tendre les lois existantes sur le bien-\u00eatre animal.<\/p>\n\n\n\n<p class=\"wp-block-paragraph\"><strong>Outil pour prot\u00e9ger les associations et lanceurs d\u2019alerte<\/strong><\/p>\n\n\n\n<p class=\"wp-block-paragraph\">La protection accrue des animaux par la Constitution devrait \u00e9galement se traduire par une meilleure d\u00e9fense des associations, qui pourront plus efficacement s\u2019opposer \u00e0 des d\u00e9cisions judiciaires favorisant des propri\u00e9taires maltraitants ou \u00e0 des actes de violence envers les d\u00e9fenseurs des animaux.<\/p>\n\n\n\n<p class=\"wp-block-paragraph\">En r\u00e9sum\u00e9, l&rsquo;inscription du bien-\u00eatre animal dans la Constitution belge constitue une avanc\u00e9e majeure juridiquement, symboliquement, et politiquement, fournissant un socle solide pour nos prochaines actions l\u00e9gislatives, judiciaires et sociales en faveur des droits des animaux<\/p>\n","protected":false},"excerpt":{"rendered":"<p>L&rsquo;inscription du bien-\u00eatre animal dans la Constitution belge permet de tirer plusieurs arguments concrets pour une formation politique ou un mouvement comme le n\u00f4tre engag\u00e9 dans cette cause : Un levier juridique renforc\u00e9 L&rsquo;inscription constitutionnelle conf\u00e8re au bien-\u00eatre animal un statut sup\u00e9rieur \u00e0 la simple l\u00e9gislation ordinaire, rendant plus difficile la justification d&rsquo;actes de cruaut\u00e9 [&hellip;]<\/p>\n","protected":false},"author":1,"featured_media":0,"comment_status":"open","ping_status":"open","sticky":false,"template":"","format":"standard","meta":{"_monsterinsights_skip_tracking":false,"_uf_show_specific_survey":0,"_uf_disable_surveys":false,"footnotes":""},"categories":[30],"tags":[],"class_list":["post-1052","post","type-post","status-publish","format-standard","hentry","category-animalisme"],"_links":{"self":[{"href":"https:\/\/droitemoderniste.be\/index.php\/wp-json\/wp\/v2\/posts\/1052","targetHints":{"allow":["GET"]}}],"collection":[{"href":"https:\/\/droitemoderniste.be\/index.php\/wp-json\/wp\/v2\/posts"}],"about":[{"href":"https:\/\/droitemoderniste.be\/index.php\/wp-json\/wp\/v2\/types\/post"}],"author":[{"embeddable":true,"href":"https:\/\/droitemoderniste.be\/index.php\/wp-json\/wp\/v2\/users\/1"}],"replies":[{"embeddable":true,"href":"https:\/\/droitemoderniste.be\/index.php\/wp-json\/wp\/v2\/comments?post=1052"}],"version-history":[{"count":1,"href":"https:\/\/droitemoderniste.be\/index.php\/wp-json\/wp\/v2\/posts\/1052\/revisions"}],"predecessor-version":[{"id":1054,"href":"https:\/\/droitemoderniste.be\/index.php\/wp-json\/wp\/v2\/posts\/1052\/revisions\/1054"}],"wp:attachment":[{"href":"https:\/\/droitemoderniste.be\/index.php\/wp-json\/wp\/v2\/media?parent=1052"}],"wp:term":[{"taxonomy":"category","embeddable":true,"href":"https:\/\/droitemoderniste.be\/index.php\/wp-json\/wp\/v2\/categories?post=1052"},{"taxonomy":"post_tag","embeddable":true,"href":"https:\/\/droitemoderniste.be\/index.php\/wp-json\/wp\/v2\/tags?post=1052"}],"curies":[{"name":"wp","href":"https:\/\/api.w.org\/{rel}","templated":true}]}}