{"id":1,"date":"2025-07-04T10:21:29","date_gmt":"2025-07-04T08:21:29","guid":{"rendered":"http:\/\/droitemoderniste.be\/?p=1"},"modified":"2025-07-10T14:43:13","modified_gmt":"2025-07-10T12:43:13","slug":"bonjour-tout-le-monde","status":"publish","type":"post","link":"https:\/\/droitemoderniste.be\/index.php\/2025\/07\/04\/bonjour-tout-le-monde\/","title":{"rendered":"Bonjour tout le monde\u00a0!"},"content":{"rendered":"\n<p class=\"wp-block-paragraph\">Un nouveau mouvement politique va bient\u00f4t voir le jour en R\u00e9gion Bruxelles-Capitale et en R\u00e9gion wallonne, avec un clin d\u2019\u0153il au Mouvement R\u00e9formateur&nbsp;:<\/p>\n\n\n\n<p class=\"has-text-align-center wp-block-paragraph\">\u00ab\u00a0<strong><mark style=\"background-color:rgba(0, 0, 0, 0);color:#ff6900\" class=\"has-inline-color\">Mouvement Droite Moderniste<\/mark><\/strong>\u00a0\u00bb<\/p>\n\n\n\n<p class=\"wp-block-paragraph\"><strong><mark style=\"background-color:rgba(0, 0, 0, 0);color:#ff6900\" class=\"has-inline-color\">MDM<\/mark><\/strong> est n\u00e9 pour promouvoir sur l\u2019\u00e9chiquier politique belge une droite moderniste, c\u2019est-\u00e0-dire une droite assur\u00e9ment progressiste, volontairement r\u00e9formatrice, effectivement innovante, r\u00e9solument sociale, aimablement animaliste, et, sans conteste, fid\u00e8le au peuple belge.<\/p>\n\n\n\n<p class=\"wp-block-paragraph\"><strong><mark style=\"background-color:rgba(0, 0, 0, 0);color:#ff6900\" class=\"has-inline-color\">MDM<\/mark> <\/strong>est bien une formation politique neuve apte \u00e0 pr\u00e9senter des candidats et \u00e0 gouverner.<\/p>\n\n\n\n<p class=\"wp-block-paragraph\">Tenez bon, on arrive !<\/p>\n\n\n\n<p class=\"wp-block-paragraph\"><\/p>\n\n\n\n<blockquote class=\"wp-block-quote is-layout-flow wp-block-quote-is-layout-flow\">\n<p class=\"wp-block-paragraph\">\u00ab\u00a0<em><mark style=\"background-color:rgba(0, 0, 0, 0);color:#ff6900\" class=\"has-inline-color\"><strong>R\u00e9inventons la droite, ensemble<\/strong><\/mark><\/em>\u00ab\u00a0<\/p>\n<\/blockquote>\n\n\n\n<p class=\"has-text-align-center wp-block-paragraph\"><\/p>\n\n\n\n<p class=\"wp-block-paragraph\"><\/p>\n","protected":false},"excerpt":{"rendered":"<p>Un nouveau mouvement politique va bient\u00f4t voir le jour en R\u00e9gion Bruxelles-Capitale et en R\u00e9gion wallonne, avec un clin d\u2019\u0153il au Mouvement R\u00e9formateur&nbsp;: \u00ab\u00a0Mouvement Droite Moderniste\u00a0\u00bb MDM est n\u00e9 pour promouvoir sur l\u2019\u00e9chiquier politique belge une droite moderniste, c\u2019est-\u00e0-dire une droite assur\u00e9ment progressiste, volontairement r\u00e9formatrice, effectivement innovante, r\u00e9solument sociale, aimablement animaliste, et, sans conteste, fid\u00e8le [&hellip;]<\/p>\n","protected":false},"author":1,"featured_media":0,"comment_status":"open","ping_status":"open","sticky":false,"template":"","format":"standard","meta":{"_monsterinsights_skip_tracking":false,"_uf_show_specific_survey":0,"_uf_disable_surveys":false,"footnotes":""},"categories":[],"tags":[],"class_list":["post-1","post","type-post","status-publish","format-standard","hentry"],"_links":{"self":[{"href":"https:\/\/droitemoderniste.be\/index.php\/wp-json\/wp\/v2\/posts\/1","targetHints":{"allow":["GET"]}}],"collection":[{"href":"https:\/\/droitemoderniste.be\/index.php\/wp-json\/wp\/v2\/posts"}],"about":[{"href":"https:\/\/droitemoderniste.be\/index.php\/wp-json\/wp\/v2\/types\/post"}],"author":[{"embeddable":true,"href":"https:\/\/droitemoderniste.be\/index.php\/wp-json\/wp\/v2\/users\/1"}],"replies":[{"embeddable":true,"href":"https:\/\/droitemoderniste.be\/index.php\/wp-json\/wp\/v2\/comments?post=1"}],"version-history":[{"count":9,"href":"https:\/\/droitemoderniste.be\/index.php\/wp-json\/wp\/v2\/posts\/1\/revisions"}],"predecessor-version":[{"id":360,"href":"https:\/\/droitemoderniste.be\/index.php\/wp-json\/wp\/v2\/posts\/1\/revisions\/360"}],"wp:attachment":[{"href":"https:\/\/droitemoderniste.be\/index.php\/wp-json\/wp\/v2\/media?parent=1"}],"wp:term":[{"taxonomy":"category","embeddable":true,"href":"https:\/\/droitemoderniste.be\/index.php\/wp-json\/wp\/v2\/categories?post=1"},{"taxonomy":"post_tag","embeddable":true,"href":"https:\/\/droitemoderniste.be\/index.php\/wp-json\/wp\/v2\/tags?post=1"}],"curies":[{"name":"wp","href":"https:\/\/api.w.org\/{rel}","templated":true}]}}